{"id":268362,"date":"2019-06-19T16:54:41","date_gmt":"2019-06-19T14:54:41","guid":{"rendered":"http:\/\/www.pcnen.com\/portal\/?p=268362"},"modified":"2019-06-19T18:03:29","modified_gmt":"2019-06-19T16:03:29","slug":"odbijen-zahtjev-za-izrucenje-sindelica-hrvatskoj","status":"publish","type":"post","link":"https:\/\/www.pcnen.com\/portal\/2019\/06\/19\/odbijen-zahtjev-za-izrucenje-sindelica-hrvatskoj\/","title":{"rendered":"Odbijen zahtjev za izru\u010denje Sin\u0111eli\u0107a Hrvatskoj"},"content":{"rendered":"<div id=\"attachment_235312\" style=\"width: 310px\" class=\"wp-caption alignright\"><img loading=\"lazy\" decoding=\"async\" aria-describedby=\"caption-attachment-235312\" class=\"size-medium wp-image-235312\" src=\"http:\/\/www.pcnen.com\/portal\/wp-content\/uploads\/2017\/10\/Sasa-Sindjelic-300x229.jpg\" alt=\"\" width=\"300\" height=\"229\" \/><p id=\"caption-attachment-235312\" class=\"wp-caption-text\">Sa\u0161a Sin\u0111eli\u0107 svjedo\u010di u sudnici Vi\u0161eg suda u Podgorici\/screenshot<\/p><\/div>\n<p>Vi\u0161i sud u Podgorici je odbio zahtjev Republike Hrvatske, po upu\u0107enoj zamolnici, za izru\u010denje Sa\u0161e Sin\u0111eli\u0107a, svjedoka saradnika u predmetu poku\u0161aj terorizma, prenosi portal Fos media.<\/p>\n<p>Hrvatska potra\u017euje Sin\u0111eli\u0107a zbog izdr\u017eavanja zatvorske kazne od 21 godinu zbog ubistva Mirka Fotisa, po presudi \u017dupanijskog suda u Vukovaru.<\/p>\n<p>Vi\u0161i sud je ovu odluku donio 22. aprila, koja je nakon toga potvr\u0111ena i od strane Apelacionog suda Crne Gore.<\/p>\n<p>Sin\u0111eli\u0107 je prema navodima <a href=\"http:\/\/www.pcnen.com\/portal\/2019\/06\/18\/katnic-sindelic-zatrazio-politicki-azil\/\">Specijalnog tu\u017eila\u0161tva u Crnu Goru u\u0161ao prije dva dana<\/a> iz Srbije i zatra\u017eio politi\u010dki azil.<\/p>\n<p>Od tada se, prema pisanju medija, nalazi u Centru za azilante.<\/p>\n","protected":false},"excerpt":{"rendered":"<p>Vi\u0161i sud u Podgorici je odbio zahtjev Republike Hrvatske, po upu\u0107enoj zamolnici, za izru\u010denje Sa\u0161e Sin\u0111eli\u0107a, svjedoka saradnika u predmetu poku\u0161aj terorizma, prenosi portal Fos media. Hrvatska potra\u017euje Sin\u0111eli\u0107a zbog izdr\u017eavanja zatvorske kazne od 21 godinu zbog ubistva Mirka Fotisa, po presudi \u017dupanijskog suda u Vukovaru. Vi\u0161i sud je ovu odluku donio 22. aprila, koja [&hellip;]<\/p>\n","protected":false},"author":1,"featured_media":0,"comment_status":"open","ping_status":"closed","sticky":false,"template":"","format":"standard","meta":{"_seopress_robots_primary_cat":"","_seopress_titles_title":"","_seopress_titles_desc":"","_seopress_robots_index":"","_et_pb_use_builder":"","_et_pb_old_content":"","_et_gb_content_width":"","inline_featured_image":false,"footnotes":""},"categories":[14,12],"tags":[],"class_list":["post-268362","post","type-post","status-publish","format-standard","hentry","category-vijesti","category-prica-dana"],"_links":{"self":[{"href":"https:\/\/www.pcnen.com\/portal\/wp-json\/wp\/v2\/posts\/268362","targetHints":{"allow":["GET"]}}],"collection":[{"href":"https:\/\/www.pcnen.com\/portal\/wp-json\/wp\/v2\/posts"}],"about":[{"href":"https:\/\/www.pcnen.com\/portal\/wp-json\/wp\/v2\/types\/post"}],"author":[{"embeddable":true,"href":"https:\/\/www.pcnen.com\/portal\/wp-json\/wp\/v2\/users\/1"}],"replies":[{"embeddable":true,"href":"https:\/\/www.pcnen.com\/portal\/wp-json\/wp\/v2\/comments?post=268362"}],"version-history":[{"count":0,"href":"https:\/\/www.pcnen.com\/portal\/wp-json\/wp\/v2\/posts\/268362\/revisions"}],"wp:attachment":[{"href":"https:\/\/www.pcnen.com\/portal\/wp-json\/wp\/v2\/media?parent=268362"}],"wp:term":[{"taxonomy":"category","embeddable":true,"href":"https:\/\/www.pcnen.com\/portal\/wp-json\/wp\/v2\/categories?post=268362"},{"taxonomy":"post_tag","embeddable":true,"href":"https:\/\/www.pcnen.com\/portal\/wp-json\/wp\/v2\/tags?post=268362"}],"curies":[{"name":"wp","href":"https:\/\/api.w.org\/{rel}","templated":true}]}}