{"id":268350,"date":"2019-06-19T12:30:56","date_gmt":"2019-06-19T10:30:56","guid":{"rendered":"http:\/\/www.pcnen.com\/portal\/?p=268350"},"modified":"2019-06-19T13:10:37","modified_gmt":"2019-06-19T11:10:37","slug":"ebrd-zapadnom-balkanu-bi-trebalo-dva-vijeka-da-dostigne-eu","status":"publish","type":"post","link":"https:\/\/www.pcnen.com\/portal\/2019\/06\/19\/ebrd-zapadnom-balkanu-bi-trebalo-dva-vijeka-da-dostigne-eu\/","title":{"rendered":"EBRD: Zapadnom Balkanu bi trebalo dva vijeka da dostigne EU"},"content":{"rendered":"<p><img loading=\"lazy\" decoding=\"async\" class=\"alignright size-medium wp-image-213542\" src=\"http:\/\/www.pcnen.com\/portal\/wp-content\/uploads\/2016\/09\/privredni-rast-300x220.jpg\" alt=\"\" width=\"300\" height=\"220\" \/>Zemljama zapadnog Balkana trebalo bi skoro dva vijeka da dostignu prosje\u010dan nivo prihoda u EU, ako bi napredovale niskim prosje\u010dnim stopama rasta, ukazala je direktorka Evropske banke za obnovu i razvoj (EBRD) za zapadni Balkan \u017du\u017eana Hargitaj.<\/p>\n<p>&#8220;To, me\u0111utim, mo\u017ee i treba da se promijeni jer zemlje zapadnog Balkana imaju dobro obrazovane ljude koji mogu biti produktivni kao i njihovi vr\u0161njaci u zapadnoj Evropi. Bolje institucije, manje uplitanja dr\u017eave, vi\u0161e ulaganja u infrastrukturu &#8211; to su najva\u017eniji zadaci i EBRD je tu da pomogne u svim oblastima&#8221;, rekla je Hargitaj za Biznis magazin.<\/p>\n<p>Po njenoj ocjeni, neki od glavnih razloga relativne nerazvijenosti regiona zapadnog Balkana su komplikovane poslovne regulative i procedure i veliki uticaj dr\u017eave u dr\u017eavnim preduzec\u0301ima koja uglavnom imaju nepravedne konkurentske prednosti u odnosu na privatne firme, prenosi Beta.<\/p>\n<p>&#8220;Sve ovo, zajedno sa velikim neformalnim sektorom, ima mjerljiv negativan uticaj na u\u010dinak privatnih kompanija koje posluju u formalnom sektoru ili na njihovu spremnost da ula\u017eu. Stope direktnih stranih investicija su i dalje znatno ni\u017ee nego u Centralnoj i Isto\u010dnoj Evropi, \u0161to doprinosi ni\u017eoj produktivnosti rada i sporijem pribli\u017eavanju \u017eivotnom standardu EU&#8221;, navela je Hargitaj.<\/p>\n","protected":false},"excerpt":{"rendered":"<p>Zemljama zapadnog Balkana trebalo bi skoro dva vijeka da dostignu prosje\u010dan nivo prihoda u EU, ako bi napredovale niskim prosje\u010dnim stopama rasta, ukazala je direktorka Evropske banke za obnovu i razvoj (EBRD) za zapadni Balkan \u017du\u017eana Hargitaj. &#8220;To, me\u0111utim, mo\u017ee i treba da se promijeni jer zemlje zapadnog Balkana imaju dobro obrazovane ljude koji mogu [&hellip;]<\/p>\n","protected":false},"author":1,"featured_media":0,"comment_status":"open","ping_status":"closed","sticky":false,"template":"","format":"standard","meta":{"_seopress_robots_primary_cat":"","_seopress_titles_title":"","_seopress_titles_desc":"","_seopress_robots_index":"","_et_pb_use_builder":"","_et_pb_old_content":"","_et_gb_content_width":"","inline_featured_image":false,"footnotes":""},"categories":[14,12],"tags":[],"class_list":["post-268350","post","type-post","status-publish","format-standard","hentry","category-vijesti","category-prica-dana"],"_links":{"self":[{"href":"https:\/\/www.pcnen.com\/portal\/wp-json\/wp\/v2\/posts\/268350","targetHints":{"allow":["GET"]}}],"collection":[{"href":"https:\/\/www.pcnen.com\/portal\/wp-json\/wp\/v2\/posts"}],"about":[{"href":"https:\/\/www.pcnen.com\/portal\/wp-json\/wp\/v2\/types\/post"}],"author":[{"embeddable":true,"href":"https:\/\/www.pcnen.com\/portal\/wp-json\/wp\/v2\/users\/1"}],"replies":[{"embeddable":true,"href":"https:\/\/www.pcnen.com\/portal\/wp-json\/wp\/v2\/comments?post=268350"}],"version-history":[{"count":0,"href":"https:\/\/www.pcnen.com\/portal\/wp-json\/wp\/v2\/posts\/268350\/revisions"}],"wp:attachment":[{"href":"https:\/\/www.pcnen.com\/portal\/wp-json\/wp\/v2\/media?parent=268350"}],"wp:term":[{"taxonomy":"category","embeddable":true,"href":"https:\/\/www.pcnen.com\/portal\/wp-json\/wp\/v2\/categories?post=268350"},{"taxonomy":"post_tag","embeddable":true,"href":"https:\/\/www.pcnen.com\/portal\/wp-json\/wp\/v2\/tags?post=268350"}],"curies":[{"name":"wp","href":"https:\/\/api.w.org\/{rel}","templated":true}]}}