{"id":268335,"date":"2019-06-19T11:11:01","date_gmt":"2019-06-19T09:11:01","guid":{"rendered":"http:\/\/www.pcnen.com\/portal\/?p=268335"},"modified":"2019-06-19T11:11:01","modified_gmt":"2019-06-19T09:11:01","slug":"unhcr-vise-od-70-miliona-ljudi-raseljeno","status":"publish","type":"post","link":"https:\/\/www.pcnen.com\/portal\/2019\/06\/19\/unhcr-vise-od-70-miliona-ljudi-raseljeno\/","title":{"rendered":"UNHCR: Vi\u0161e od 70 miliona ljudi raseljeno"},"content":{"rendered":"<p><img loading=\"lazy\" decoding=\"async\" class=\"alignright size-medium wp-image-189472\" src=\"http:\/\/www.pcnen.com\/portal\/wp-content\/uploads\/2015\/09\/izbjeglice-foto-rojters-300x220.jpg\" alt=\"\" width=\"300\" height=\"220\" \/>Broj ljudi koji bje\u017ee od rata, progona i sukoba prema\u0161io je lanjske godine 70 miliona, \u0161to je najve\u0107i broj u gotovo 70 godina djelovanja Agencije UN za izbjeglice, objavio je UNHCR u svom godi\u0161njem izvje\u0161taju <a href=\"https:\/\/www.unhcr.org\/statistics\/unhcrstats\/5d08d7ee7\/unhcr-global-trends-2018.html\">&#8220;Globalni trendovi&#8221;<\/a>, a prenose svjetske novinske agencije.<\/p>\n<p>Procjenjuje se da je samo\u00a0 pro\u0161le godine novih 13.6 milion ljudi raseljeno zbog konflikata ili progona.<\/p>\n","protected":false},"excerpt":{"rendered":"<p>Samo  pro\u0161le godine novih 13.6 milion ljudi raseljeno zbog konflikata ili progona<\/p>\n","protected":false},"author":1,"featured_media":0,"comment_status":"open","ping_status":"closed","sticky":false,"template":"","format":"standard","meta":{"_seopress_robots_primary_cat":"","_seopress_titles_title":"","_seopress_titles_desc":"","_seopress_robots_index":"","_et_pb_use_builder":"","_et_pb_old_content":"","_et_gb_content_width":"","inline_featured_image":false,"footnotes":""},"categories":[14,12],"tags":[],"class_list":["post-268335","post","type-post","status-publish","format-standard","hentry","category-vijesti","category-prica-dana"],"_links":{"self":[{"href":"https:\/\/www.pcnen.com\/portal\/wp-json\/wp\/v2\/posts\/268335","targetHints":{"allow":["GET"]}}],"collection":[{"href":"https:\/\/www.pcnen.com\/portal\/wp-json\/wp\/v2\/posts"}],"about":[{"href":"https:\/\/www.pcnen.com\/portal\/wp-json\/wp\/v2\/types\/post"}],"author":[{"embeddable":true,"href":"https:\/\/www.pcnen.com\/portal\/wp-json\/wp\/v2\/users\/1"}],"replies":[{"embeddable":true,"href":"https:\/\/www.pcnen.com\/portal\/wp-json\/wp\/v2\/comments?post=268335"}],"version-history":[{"count":0,"href":"https:\/\/www.pcnen.com\/portal\/wp-json\/wp\/v2\/posts\/268335\/revisions"}],"wp:attachment":[{"href":"https:\/\/www.pcnen.com\/portal\/wp-json\/wp\/v2\/media?parent=268335"}],"wp:term":[{"taxonomy":"category","embeddable":true,"href":"https:\/\/www.pcnen.com\/portal\/wp-json\/wp\/v2\/categories?post=268335"},{"taxonomy":"post_tag","embeddable":true,"href":"https:\/\/www.pcnen.com\/portal\/wp-json\/wp\/v2\/tags?post=268335"}],"curies":[{"name":"wp","href":"https:\/\/api.w.org\/{rel}","templated":true}]}}