{"id":268311,"date":"2019-06-18T20:07:31","date_gmt":"2019-06-18T18:07:31","guid":{"rendered":"http:\/\/www.pcnen.com\/portal\/?p=268311"},"modified":"2019-06-18T20:07:31","modified_gmt":"2019-06-18T18:07:31","slug":"mjestimicno-kisa-ili-pljusak-i-grmljavina","status":"publish","type":"post","link":"https:\/\/www.pcnen.com\/portal\/2019\/06\/18\/mjestimicno-kisa-ili-pljusak-i-grmljavina\/","title":{"rendered":"Mjestimi\u010dno ki\u0161a ili pljusak i grmljavina"},"content":{"rendered":"<p><img loading=\"lazy\" decoding=\"async\" class=\"size-full wp-image-80609 alignleft\" src=\"http:\/\/www.pcnen.com\/portal\/wp-content\/uploads\/2012\/04\/promjenljivo-obla\u010dno-s-ki\u0161om.jpg\" alt=\"\" width=\"288\" height=\"175\" \/>U srijedu \u0107e biti promjenljivo obla\u010dno sa du\u017eim sun\u010danim intervalima, ali \u0107e biti uslova za mjestimi\u010dnu ki\u0161u ili pljusak i grmljavinu, naro\u010dito u kontinentalnim krajevima Crne Gore.<\/p>\n<p>Vjetar promjenljivog smjera bi\u0107e uglavnom slab do umjeren.<\/p>\n<p>Jutarnja temperatura vazduha bi\u0107e u rasponu od 10 do 22, a najvi\u0161a dnevna od 21 do 33 stepena.<\/p>\n<p>U Podgorici \u0107e biti promjenljivo obla\u010dno sa du\u017eim suna\u010dnim intervalima. Bi\u0107e mogu\u0107a i prolazna ki\u0161a ili pljusak sa grmljavinom, uglavnom od sredine dana. Vjetar slab do umjeren mijenja\u0107e smjer. Jutarnja temperatura vazduha bi\u0107e oko 21, a najvi\u0161a dnevna oko 32 stepena.<\/p>\n<p><a href=\"http:\/\/www.meteo.co.me\/misc.php?text=121&amp;sektor=1&amp;grad=PLA\">Prognoza za ostale gradove.<\/a><\/p>\n","protected":false},"excerpt":{"rendered":"<p>Najvi\u0161a dnevna temperatura vazduha u rasponu od 21 do 33 stepena<\/p>\n","protected":false},"author":1,"featured_media":0,"comment_status":"open","ping_status":"closed","sticky":false,"template":"","format":"standard","meta":{"_seopress_robots_primary_cat":"","_seopress_titles_title":"","_seopress_titles_desc":"","_seopress_robots_index":"","_et_pb_use_builder":"","_et_pb_old_content":"","_et_gb_content_width":"","inline_featured_image":false,"footnotes":""},"categories":[14,12],"tags":[],"class_list":["post-268311","post","type-post","status-publish","format-standard","hentry","category-vijesti","category-prica-dana"],"_links":{"self":[{"href":"https:\/\/www.pcnen.com\/portal\/wp-json\/wp\/v2\/posts\/268311","targetHints":{"allow":["GET"]}}],"collection":[{"href":"https:\/\/www.pcnen.com\/portal\/wp-json\/wp\/v2\/posts"}],"about":[{"href":"https:\/\/www.pcnen.com\/portal\/wp-json\/wp\/v2\/types\/post"}],"author":[{"embeddable":true,"href":"https:\/\/www.pcnen.com\/portal\/wp-json\/wp\/v2\/users\/1"}],"replies":[{"embeddable":true,"href":"https:\/\/www.pcnen.com\/portal\/wp-json\/wp\/v2\/comments?post=268311"}],"version-history":[{"count":0,"href":"https:\/\/www.pcnen.com\/portal\/wp-json\/wp\/v2\/posts\/268311\/revisions"}],"wp:attachment":[{"href":"https:\/\/www.pcnen.com\/portal\/wp-json\/wp\/v2\/media?parent=268311"}],"wp:term":[{"taxonomy":"category","embeddable":true,"href":"https:\/\/www.pcnen.com\/portal\/wp-json\/wp\/v2\/categories?post=268311"},{"taxonomy":"post_tag","embeddable":true,"href":"https:\/\/www.pcnen.com\/portal\/wp-json\/wp\/v2\/tags?post=268311"}],"curies":[{"name":"wp","href":"https:\/\/api.w.org\/{rel}","templated":true}]}}