{"id":268297,"date":"2019-06-18T15:18:16","date_gmt":"2019-06-18T13:18:16","guid":{"rendered":"http:\/\/www.pcnen.com\/portal\/?p=268297"},"modified":"2019-06-18T15:18:16","modified_gmt":"2019-06-18T13:18:16","slug":"savjetnica-ambasade-milo-ce-vam-doci-glave-stoko-neotesana","status":"publish","type":"post","link":"https:\/\/www.pcnen.com\/portal\/2019\/06\/18\/savjetnica-ambasade-milo-ce-vam-doci-glave-stoko-neotesana\/","title":{"rendered":"Savjetnica ambasade: Milo \u0107e vam do\u0107i glave stoko neotesana"},"content":{"rendered":"<p>Prva savjetnica u crnogorskoj ambasadi u Ankari Mirna Nik\u010devi\u0107 je izjavila danas, povodom vijesti da je protiv nje u Ministarstvu spoljnih poslova pokrenut disciplinski postupak, da upravo pi\u0161e zahtjev za opoziv.<\/p>\n<p>\u201eNe\u0107e mene MVP pla\u0107ati platom njihovom mizernom. Nikad i nisu. Da me Ivica Da\u010di\u0107 proziva, a na\u0161 ministar \u0107uti. Gotovo! Sloboda! I vidimo se u nekoj novoj CG. S Milom vazda!\u201c, napisala je Nik\u010devi\u0107 na Fejsbuku, prenose Vijesti.<\/p>\n<p>Nakon desetak minuta, ona je napisala jo\u0161 jednu objavu dodav\u0161i da se \u201eopoziva sa funkcije\u201c.<\/p>\n<p>\u201eZbog nesretnog ministarstva. Ali Milo \u0107e vam do\u0107i glave stoko neotesana. Nisam vi\u0161e diplomata\u201c, napisala je Nik\u010devi\u0107.<\/p>\n<p>Nik\u010devi\u0107 je dospjela u javnost nakon \u0161to je na ovoj dru\u0161tvenoj mre\u017ei <a href=\"http:\/\/www.pcnen.com\/portal\/2019\/06\/17\/cg-ministarstvo-se-ogradilo-od-stavova-savjetnice-u-ankari\/\">komentarisala sabor ispred sabornog hrama<\/a> Hristovog vaskrsenja u Podgorici rekav\u0161i da bi \u201ezapalila taj hram i sva goveda tamo\u201c.<\/p>\n<p>Ministar spoljnih poslova Srbije Ivica Da\u010di\u0107 je ocijenio hu\u0161ka\u010dkom i sramnom izjavu savjetnice, a crnogorsko Ministarstvo spoljnh poslova danas su potvrdili da je protiv nje pokrenut disciplinski postupak.<\/p>\n<p>Nik\u010devi\u0107 je Vijestima kazala da joj je \u201epodvaljeno\u201c i da od dr\u017eave o\u010dekuje da je za\u0161titi.<\/p>\n","protected":false},"excerpt":{"rendered":"<p>Prva savjetnica u crnogorskoj ambasadi u Ankari Mirna Nik\u010devi\u0107 je izjavila danas, povodom vijesti da je protiv nje u Ministarstvu spoljnih poslova pokrenut disciplinski postupak, da upravo pi\u0161e zahtjev za opoziv. \u201eNe\u0107e mene MVP pla\u0107ati platom njihovom mizernom. Nikad i nisu. Da me Ivica Da\u010di\u0107 proziva, a na\u0161 ministar \u0107uti. Gotovo! Sloboda! I vidimo se [&hellip;]<\/p>\n","protected":false},"author":1,"featured_media":0,"comment_status":"open","ping_status":"closed","sticky":false,"template":"","format":"standard","meta":{"_seopress_robots_primary_cat":"","_seopress_titles_title":"","_seopress_titles_desc":"","_seopress_robots_index":"","_et_pb_use_builder":"","_et_pb_old_content":"","_et_gb_content_width":"","inline_featured_image":false,"footnotes":""},"categories":[14],"tags":[],"class_list":["post-268297","post","type-post","status-publish","format-standard","hentry","category-vijesti"],"_links":{"self":[{"href":"https:\/\/www.pcnen.com\/portal\/wp-json\/wp\/v2\/posts\/268297","targetHints":{"allow":["GET"]}}],"collection":[{"href":"https:\/\/www.pcnen.com\/portal\/wp-json\/wp\/v2\/posts"}],"about":[{"href":"https:\/\/www.pcnen.com\/portal\/wp-json\/wp\/v2\/types\/post"}],"author":[{"embeddable":true,"href":"https:\/\/www.pcnen.com\/portal\/wp-json\/wp\/v2\/users\/1"}],"replies":[{"embeddable":true,"href":"https:\/\/www.pcnen.com\/portal\/wp-json\/wp\/v2\/comments?post=268297"}],"version-history":[{"count":0,"href":"https:\/\/www.pcnen.com\/portal\/wp-json\/wp\/v2\/posts\/268297\/revisions"}],"wp:attachment":[{"href":"https:\/\/www.pcnen.com\/portal\/wp-json\/wp\/v2\/media?parent=268297"}],"wp:term":[{"taxonomy":"category","embeddable":true,"href":"https:\/\/www.pcnen.com\/portal\/wp-json\/wp\/v2\/categories?post=268297"},{"taxonomy":"post_tag","embeddable":true,"href":"https:\/\/www.pcnen.com\/portal\/wp-json\/wp\/v2\/tags?post=268297"}],"curies":[{"name":"wp","href":"https:\/\/api.w.org\/{rel}","templated":true}]}}