{"id":268292,"date":"2019-06-18T12:48:08","date_gmt":"2019-06-18T10:48:08","guid":{"rendered":"http:\/\/www.pcnen.com\/portal\/?p=268292"},"modified":"2021-10-16T18:48:25","modified_gmt":"2021-10-16T16:48:25","slug":"markovic-i-perunicic-prisluskivali-mitropolita-video","status":"publish","type":"post","link":"https:\/\/www.pcnen.com\/portal\/2019\/06\/18\/markovic-i-perunicic-prisluskivali-mitropolita-video\/","title":{"rendered":"Markovi\u0107 i Peruni\u010di\u0107 prislu\u0161kivali mitropolita (video)"},"content":{"rendered":"<p><iframe loading=\"lazy\" title=\"CIRILICA - Americka ponuda za Kosovo - Uzmi ili ostavi - (TV Happy 17.06.2019)\" width=\"1080\" height=\"608\" src=\"https:\/\/www.youtube.com\/embed\/3psVAzGEHfo?feature=oembed\" frameborder=\"0\" allow=\"accelerometer; autoplay; clipboard-write; encrypted-media; gyroscope; picture-in-picture; web-share\" allowfullscreen><\/iframe><\/p>\n<p>&nbsp;<\/p>\n<p>On je donio i fotografije koje prikazuju kabinet mitropolita Amfilohija i prislu\u0161kiva\u010de koji su bili u zidovima, i kancelarijskom namje\u0161taju.<\/p>\n<p>General Stojanovi\u0107 je ispir\u010dao kako se to i otkrilo, naime nakon 2003, kada se nakon ubistva premijera \u0110in\u0111i\u0107a, kada su htjeli da ukinu Vojnu bezbjednosnu slu\u017ebu i kad su se prosipale insinuacije da je Vojna slu\u017eba odgovorna za ubistva, istakao je da je on tada reformisao Vojnu slu\u017ebu bezbjednosti i oformio Vojno bezbjednosnu agenciju, <a href=\"https:\/\/www.in4s.net\/markovic-i-perunicic-prisluskuju-mitropolita-amfilohija-video\/?lang=lat\">prenosi portal in4s.<\/a><\/p>\n<p>Kada se oformila Vojno bezbjednosna agencija, tada\u0161nje rukovodstvo Crne Gore nije htjelo da se formira 5. centar, koji bi bio odgovoran za teritoriju Crne Gore. Kako je kazao general Stojanovi\u0107, crnogorsko rukovodstvo je isticalo da njima ne treba VBA, i ocijenio da iako smo bili tada dr\u017eavna zajednica, Crnogorci nijesu po\u0161tovali zajedni\u010dke institucije.<\/p>\n<p>General Stojanovi\u0107 je kazao da je on taj centar smjestio u kasarni Masline u potkrovlju, iako je imao poziv crnogorske slu\u017ebe bezbjednosti, da budu u njihovim prostorijama, \u0161to je on odbio.<\/p>\n<p>Kazao je da je tada dobio poziv od jednog \u010dovjeka kojeg u emisiji nije \u017eelio da imenuje, koji je vrlo blizak mitropolitu, i koji mu je kazao, da mitropolit moli Vojno bezbjednosnu slu\u017ebu da uradi protivdiverzioni i protivprislu\u0161ni pregled njegovog kabineta na Cetinju.<\/p>\n<p>General ka\u017ee da je u prvom \u010dasu bio za\u010du\u0111en i da je pomislio da to nije posao VBA, ali kako je kazao onda je on pomislio da ne mo\u017ee da se obrati crnogorskim slu\u017ebama, jer je o\u010digledno sumnjao u njih.<\/p>\n<p>On je kazao da se neko vrijeme kolebao, ali da nije mogao da odbije mitrpolita i da je poslao pukovnika koji je bio u Crnoj Gori, da kako je kazao svrati kod mitrpolita na Cetinje, o\u010dekuju\u0107i ipak da se tu ne\u0107e na\u0107i ni\u0161ta.<\/p>\n<p>Kad je pukovnik u\u0161ao sa ure\u0111ajem u kabinet, \u201eto je pi\u0161talo na sve strane, i on je iza\u0161ao iz kabineta, nazvao me i kazao da je to sve puno, ja sam mu rekao da sve ostavi i fotografi\u0161e\u201c, naglasio je general, i mitropolit je upozoren da tu vi\u0161e ne dr\u017ei sastanke.<\/p>\n<p>Kako je objasnio i tada su na udaru slu\u017ebi bili SPC, i imao je saznanja da se mitropolit prislu\u0161kuje jo\u0161 od 90-tih godina, ali ovo je bio konkretan primjer kada smo ne\u0161to i prona\u0161li, istakao je.<\/p>\n<p>Kada je crnogorska dr\u017eavna bezbjednost shvatila da su prona\u0111eni prislu\u0161ni ure\u0111aji, oni su izvr\u0161ili pritisak na jedno sve\u0161teno lice, koje im je kazalo da je VBA izvr\u0161ila protivdiverzioni pregled, i od tada kre\u0107e moj progon od Mara\u0161a, kazao je general Stojanovi\u0107.<\/p>\n<p>Vuka\u0161in Mara\u0161, tada\u0161nji ministar unutra\u0161njih poslova Crne Gore, jedan od najodanih re\u017eimu, tada je po\u010deo progon generala Stojanovi\u0107a.<\/p>\n<p>Nakon ovog slu\u010daja, smijenjen je general Momir Stojanovi\u0107, a pri\u010da o vehabijama, bila je samo izgovor za pravi razlog njegove smjene.<\/p>\n","protected":false},"excerpt":{"rendered":"<p>Du\u0161ko Markovi\u0107, aktuelni premijer Crne Gore, i Dejan Peruni\u010di\u0107, \u0161ef ANB-a, prisku\u0161kivali su mitroplita crnogorsko-primorskog Amfilohija. To je u emisiji \u0106irilica na Hepi televiziji saop\u0161tio general Momir Stojanovi\u0107.<\/p>\n","protected":false},"author":1,"featured_media":0,"comment_status":"open","ping_status":"closed","sticky":false,"template":"","format":"standard","meta":{"_seopress_robots_primary_cat":"","_seopress_titles_title":"","_seopress_titles_desc":"","_seopress_robots_index":"","_et_pb_use_builder":"","_et_pb_old_content":"","_et_gb_content_width":"","inline_featured_image":false,"footnotes":""},"categories":[14,12],"tags":[],"class_list":["post-268292","post","type-post","status-publish","format-standard","hentry","category-vijesti","category-prica-dana"],"_links":{"self":[{"href":"https:\/\/www.pcnen.com\/portal\/wp-json\/wp\/v2\/posts\/268292","targetHints":{"allow":["GET"]}}],"collection":[{"href":"https:\/\/www.pcnen.com\/portal\/wp-json\/wp\/v2\/posts"}],"about":[{"href":"https:\/\/www.pcnen.com\/portal\/wp-json\/wp\/v2\/types\/post"}],"author":[{"embeddable":true,"href":"https:\/\/www.pcnen.com\/portal\/wp-json\/wp\/v2\/users\/1"}],"replies":[{"embeddable":true,"href":"https:\/\/www.pcnen.com\/portal\/wp-json\/wp\/v2\/comments?post=268292"}],"version-history":[{"count":1,"href":"https:\/\/www.pcnen.com\/portal\/wp-json\/wp\/v2\/posts\/268292\/revisions"}],"predecessor-version":[{"id":330308,"href":"https:\/\/www.pcnen.com\/portal\/wp-json\/wp\/v2\/posts\/268292\/revisions\/330308"}],"wp:attachment":[{"href":"https:\/\/www.pcnen.com\/portal\/wp-json\/wp\/v2\/media?parent=268292"}],"wp:term":[{"taxonomy":"category","embeddable":true,"href":"https:\/\/www.pcnen.com\/portal\/wp-json\/wp\/v2\/categories?post=268292"},{"taxonomy":"post_tag","embeddable":true,"href":"https:\/\/www.pcnen.com\/portal\/wp-json\/wp\/v2\/tags?post=268292"}],"curies":[{"name":"wp","href":"https:\/\/api.w.org\/{rel}","templated":true}]}}