{"id":268281,"date":"2019-06-18T12:06:27","date_gmt":"2019-06-18T10:06:27","guid":{"rendered":"http:\/\/www.pcnen.com\/portal\/?p=268281"},"modified":"2019-06-18T12:06:27","modified_gmt":"2019-06-18T10:06:27","slug":"katnic-sindelic-zatrazio-politicki-azil","status":"publish","type":"post","link":"https:\/\/www.pcnen.com\/portal\/2019\/06\/18\/katnic-sindelic-zatrazio-politicki-azil\/","title":{"rendered":"Katni\u0107: Sin\u0111eli\u0107 zatra\u017eio politi\u010dki azil"},"content":{"rendered":"<p><img loading=\"lazy\" decoding=\"async\" src=\"http:\/\/www.pcnen.com\/portal\/wp-content\/uploads\/2015\/06\/Milivoje-Katnic1-300x189.jpg\" alt=\"\" width=\"300\" height=\"189\" class=\"alignright size-medium wp-image-183425\" \/>Svjedok saradnik u slu\u010daju poku\u0161aja terorizma na izborni dan Aleksandar Sin\u0111eli\u0107 je od Ministarstva unutra\u0161njih poslova (MUP) zatra\u017eio politi\u010dki azil, potvrdio je danas glavni specijalni tu\u017eilac Milivoje Katni\u0107.<\/p>\n<p>Katni\u0107 je, na konferenciji za novinare, kazao da je Sin\u0111eli\u0107 u Odjeljenju bezbjednosti Ro\u017eaje dao izjavu u kojoj tra\u017ei politi\u010dki azil \u201czbog ozbiljnog progona odre\u0111enih struktura u Srbiji\u201d.<\/p>\n<p>On je rekao da je Sin\u0111eli\u0107 bio primoran da bje\u017ei isklju\u010divo zbog toga \u0161to je svjedo\u010dio pred sudom u Crnoj Gori.<\/p>\n<p>\u201cMislim da \u0107e ova dr\u017eava i civilizovano dru\u0161tvo dati odgovore na to i rije\u0161iti taj problem u skladu sa zakonom\u201d, poru\u010dio je Katni\u0107, prenosi Mina.<\/p>\n<p>Prema njegovim rije\u010dima, Sin\u0111eli\u0107 je u <a href=\"http:\/\/www.pcnen.com\/portal\/2019\/06\/18\/sindelic-ponovo-u-crnoj-gori\/\">ponedjeljak ujutro ilegalno u\u0161ao u Crnu Goru<\/a> i tra\u017eio da razgovara sa Specijalnim tu\u017eila\u0161tvom.<\/p>\n<p>\u201cVidje\u0107emo da li se radi o kriiv\u010dnim djelima odre\u0111enih osoba i nakon toga postupiti u skladu sa propisima\u201d, rekao je Katni\u0107.<\/p>\n<p>On je dodao da detaljnije informacije treba tra\u017ei od nadle\u017enog Ministarstva. <\/p>\n","protected":false},"excerpt":{"rendered":"<p>Svjedok saradnik u slu\u010daju poku\u0161aja terorizma na izborni dan Aleksandar Sin\u0111eli\u0107 je od Ministarstva unutra\u0161njih poslova (MUP) zatra\u017eio politi\u010dki azil, potvrdio je danas glavni specijalni tu\u017eilac Milivoje Katni\u0107. Katni\u0107 je, na konferenciji za novinare, kazao da je Sin\u0111eli\u0107 u Odjeljenju bezbjednosti Ro\u017eaje dao izjavu u kojoj tra\u017ei politi\u010dki azil \u201czbog ozbiljnog progona odre\u0111enih struktura u [&hellip;]<\/p>\n","protected":false},"author":1,"featured_media":0,"comment_status":"open","ping_status":"closed","sticky":false,"template":"","format":"standard","meta":{"_seopress_robots_primary_cat":"","_seopress_titles_title":"","_seopress_titles_desc":"","_seopress_robots_index":"","_et_pb_use_builder":"","_et_pb_old_content":"","_et_gb_content_width":"","inline_featured_image":false,"footnotes":""},"categories":[14],"tags":[],"class_list":["post-268281","post","type-post","status-publish","format-standard","hentry","category-vijesti"],"_links":{"self":[{"href":"https:\/\/www.pcnen.com\/portal\/wp-json\/wp\/v2\/posts\/268281","targetHints":{"allow":["GET"]}}],"collection":[{"href":"https:\/\/www.pcnen.com\/portal\/wp-json\/wp\/v2\/posts"}],"about":[{"href":"https:\/\/www.pcnen.com\/portal\/wp-json\/wp\/v2\/types\/post"}],"author":[{"embeddable":true,"href":"https:\/\/www.pcnen.com\/portal\/wp-json\/wp\/v2\/users\/1"}],"replies":[{"embeddable":true,"href":"https:\/\/www.pcnen.com\/portal\/wp-json\/wp\/v2\/comments?post=268281"}],"version-history":[{"count":0,"href":"https:\/\/www.pcnen.com\/portal\/wp-json\/wp\/v2\/posts\/268281\/revisions"}],"wp:attachment":[{"href":"https:\/\/www.pcnen.com\/portal\/wp-json\/wp\/v2\/media?parent=268281"}],"wp:term":[{"taxonomy":"category","embeddable":true,"href":"https:\/\/www.pcnen.com\/portal\/wp-json\/wp\/v2\/categories?post=268281"},{"taxonomy":"post_tag","embeddable":true,"href":"https:\/\/www.pcnen.com\/portal\/wp-json\/wp\/v2\/tags?post=268281"}],"curies":[{"name":"wp","href":"https:\/\/api.w.org\/{rel}","templated":true}]}}