{"id":268269,"date":"2019-06-18T09:53:02","date_gmt":"2019-06-18T07:53:02","guid":{"rendered":"http:\/\/www.pcnen.com\/portal\/?p=268269"},"modified":"2019-06-18T09:54:46","modified_gmt":"2019-06-18T07:54:46","slug":"sindelic-ponovo-u-crnoj-gori","status":"publish","type":"post","link":"https:\/\/www.pcnen.com\/portal\/2019\/06\/18\/sindelic-ponovo-u-crnoj-gori\/","title":{"rendered":"Sin\u0111eli\u0107 ponovo u Crnoj Gori"},"content":{"rendered":"<div id=\"attachment_235312\" style=\"width: 310px\" class=\"wp-caption alignright\"><img loading=\"lazy\" decoding=\"async\" aria-describedby=\"caption-attachment-235312\" class=\"size-medium wp-image-235312\" src=\"http:\/\/www.pcnen.com\/portal\/wp-content\/uploads\/2017\/10\/Sasa-Sindjelic-300x229.jpg\" alt=\"\" width=\"300\" height=\"229\" \/><p id=\"caption-attachment-235312\" class=\"wp-caption-text\">Sa\u0161a Sin\u0111eli\u0107 svjedo\u010di u sudnici Vi\u0161eg suda u Podgorici\/screenshot<\/p><\/div>\n<p>Sa\u0161a Sin\u0111eli\u0107, svjedok saradnik u procesu poznatom kao dr\u017eavni udar u kome su nepravosna\u017eno osu\u0111ena dvojica lidera opozicionog Demokratskog fronta, Andrija Mandi\u0107 i Milan Kne\u017eevi\u0107, nalazi se ponovo u Crnoj Gori, potvrdio je sino\u0107 u Skup\u0161tini Crne Gore glavni specijalni tu\u017eilac Milivoje Katni\u0107, prenosi portal Vijesti.<\/p>\n<p>&#8220;Danas je u Crnu Goru po prvi put od Srbina prebjegao Srbin. To je ovaj Sin\u0111eli\u0107. Prebjegao je pod kur\u0161umom. Eto ga u Crnoj Gori. Nisam ga ja gonio. Vi ga gonite i za to postoje dokazi. Molim vas da stanete&#8221;, rekao je Katni\u0107 obra\u0107aju\u0107i se poslanicima Demokratskog fronta.<\/p>\n<p>Sin\u0111eli\u0107 je dr\u017eavljanin Srbije koji je u Hrvatskoj pravosna\u017eno osu\u0111en na dugogodi\u0161nju robiju zbog ubistva, ali ga ta dr\u017eava nije potra\u017eivala ni od Crne Gore ni od Srbije.<\/p>\n<p>Nedavno je policija u Srbiji <a href=\"http:\/\/www.pcnen.com\/portal\/2019\/05\/31\/u-srbiji-privoden-crnogorski-novinar-samir-rastoder\/\">privodila Samira Rastodera<\/a>, direktora Radia Petnjice i novinara internet sajta Standard, koji je i\u0161ao u Srbiju radi, kako je sam kazao, razgovora sa Sin\u0111eli\u0107em. U opozicionih krugovima se spekulisalo da \u00a0Rastoder nije bio na novinarskom zadatku, ve\u0107 da je u Srbiju i\u0161ao sa zadatkom koji je dobio od glavnog specijalnog tu\u017eioca Katni\u0107a.<\/p>\n<p>Nakon \u0161to je okon\u010dao svjedo\u010denje u procesu protiv optu\u017eenih za navodni nasilni poku\u0161aj promjene vlasti u Crnoj Gori 16. oktobra 2016. godine, Sin\u0111eli\u0107 se vratio u Srbiju, a uo\u010di same presude je, gostuju\u0107i u emisiji &#8216;\u0106irilica&#8217; televizije Happy, kazao da je lagao kao svjedok saradnik. To je potvrdio i u nekim <a href=\"http:\/\/www.pcnen.com\/portal\/2019\/03\/11\/svjedok-saradnik-sindelic-priznao-da-je-lagao\/\">video snimcima koji su se pojavili u medijima.<\/a><\/p>\n","protected":false},"excerpt":{"rendered":"<p>Ovo je potvrdio sino\u0107 u Skup\u0161tini Crne Gore glavni specijalni tu\u017eilac Milivoje Katni\u0107<\/p>\n","protected":false},"author":1,"featured_media":0,"comment_status":"open","ping_status":"closed","sticky":false,"template":"","format":"standard","meta":{"_seopress_robots_primary_cat":"","_seopress_titles_title":"","_seopress_titles_desc":"","_seopress_robots_index":"","_et_pb_use_builder":"","_et_pb_old_content":"","_et_gb_content_width":"","inline_featured_image":false,"footnotes":""},"categories":[14,12],"tags":[],"class_list":["post-268269","post","type-post","status-publish","format-standard","hentry","category-vijesti","category-prica-dana"],"_links":{"self":[{"href":"https:\/\/www.pcnen.com\/portal\/wp-json\/wp\/v2\/posts\/268269","targetHints":{"allow":["GET"]}}],"collection":[{"href":"https:\/\/www.pcnen.com\/portal\/wp-json\/wp\/v2\/posts"}],"about":[{"href":"https:\/\/www.pcnen.com\/portal\/wp-json\/wp\/v2\/types\/post"}],"author":[{"embeddable":true,"href":"https:\/\/www.pcnen.com\/portal\/wp-json\/wp\/v2\/users\/1"}],"replies":[{"embeddable":true,"href":"https:\/\/www.pcnen.com\/portal\/wp-json\/wp\/v2\/comments?post=268269"}],"version-history":[{"count":0,"href":"https:\/\/www.pcnen.com\/portal\/wp-json\/wp\/v2\/posts\/268269\/revisions"}],"wp:attachment":[{"href":"https:\/\/www.pcnen.com\/portal\/wp-json\/wp\/v2\/media?parent=268269"}],"wp:term":[{"taxonomy":"category","embeddable":true,"href":"https:\/\/www.pcnen.com\/portal\/wp-json\/wp\/v2\/categories?post=268269"},{"taxonomy":"post_tag","embeddable":true,"href":"https:\/\/www.pcnen.com\/portal\/wp-json\/wp\/v2\/tags?post=268269"}],"curies":[{"name":"wp","href":"https:\/\/api.w.org\/{rel}","templated":true}]}}