{"id":268261,"date":"2019-06-18T08:32:07","date_gmt":"2019-06-18T06:32:07","guid":{"rendered":"http:\/\/www.pcnen.com\/portal\/?p=268261"},"modified":"2019-06-19T10:45:25","modified_gmt":"2019-06-19T08:45:25","slug":"tramp-najavio-izbacivanje-milione-migranata-iz-sad","status":"publish","type":"post","link":"https:\/\/www.pcnen.com\/portal\/2019\/06\/18\/tramp-najavio-izbacivanje-milione-migranata-iz-sad\/","title":{"rendered":"Tramp najavio izbacivanje miliona migranata iz SAD"},"content":{"rendered":"<p><img loading=\"lazy\" decoding=\"async\" class=\"size-medium wp-image-200938 alignleft\" src=\"http:\/\/www.pcnen.com\/portal\/wp-content\/uploads\/2016\/03\/donald-trump-300x209.jpg\" alt=\"\" width=\"300\" height=\"209\" \/>Migraciona i carinska policija SAD po\u010dec\u0301e deportaciju miliona nelegalnih migranata naredne nedjelje, napisao je predsjednik SAD Donald Tramp <a href=\"https:\/\/twitter.com\/realDonaldTrump\/status\/1140791400658870274?ref_src=twsrc%5Etfw%7Ctwcamp%5Etweetembed%7Ctwterm%5E1140791400658870274&amp;ref_url=https%3A%2F%2Fwww.krstarica.com%2Fvesti%2Fsvet%2Fegzodus-iz-amerike-tramp-naredne-nedelje-proteruje-milione-ljudi%2F\">na tviteru.<\/a><\/p>\n<p>On je kazao da c\u0301e oni biti \u201cbrzo izba\u010deni, kao \u0161to su i do\u0161li\u201c.<\/p>\n<p>Tramp je naveo spremnost Gvatemale da potpi\u0161e sporazum o azilu za gra\u0111ane iz trec\u0301ih zemalja. Taj sporazum predvi\u0111a davanje azila migrantima u dr\u017eavi u koju su prvo u\u0161li.<\/p>\n<p>Bijela kuc\u0301a je pozdravila poo\u0161travanje migracionih zakona Meksika, \u010dije akcije u toj sferi je nedavno kritikovala. Ameri\u010dki lider je jo\u0161 jednom pozvao demokrate u ameri\u010dkom Kongresu da glasaju za migracionu reformu u zemlji.<\/p>\n<p>\u201cAko se to desi, pograni\u010dna kriza c\u0301e se uskoro zavr\u0161iti\u201c, rekao je \u0161ef dr\u017eave.<\/p>\n","protected":false},"excerpt":{"rendered":"<p>On je kazao da c\u0301e oni biti \u201cbrzo izba\u010deni, kao \u0161to su i do\u0161li\u201c<\/p>\n","protected":false},"author":1,"featured_media":0,"comment_status":"open","ping_status":"closed","sticky":false,"template":"","format":"standard","meta":{"_seopress_robots_primary_cat":"","_seopress_titles_title":"","_seopress_titles_desc":"","_seopress_robots_index":"","_et_pb_use_builder":"","_et_pb_old_content":"","_et_gb_content_width":"","inline_featured_image":false,"footnotes":""},"categories":[14,12],"tags":[],"class_list":["post-268261","post","type-post","status-publish","format-standard","hentry","category-vijesti","category-prica-dana"],"_links":{"self":[{"href":"https:\/\/www.pcnen.com\/portal\/wp-json\/wp\/v2\/posts\/268261","targetHints":{"allow":["GET"]}}],"collection":[{"href":"https:\/\/www.pcnen.com\/portal\/wp-json\/wp\/v2\/posts"}],"about":[{"href":"https:\/\/www.pcnen.com\/portal\/wp-json\/wp\/v2\/types\/post"}],"author":[{"embeddable":true,"href":"https:\/\/www.pcnen.com\/portal\/wp-json\/wp\/v2\/users\/1"}],"replies":[{"embeddable":true,"href":"https:\/\/www.pcnen.com\/portal\/wp-json\/wp\/v2\/comments?post=268261"}],"version-history":[{"count":0,"href":"https:\/\/www.pcnen.com\/portal\/wp-json\/wp\/v2\/posts\/268261\/revisions"}],"wp:attachment":[{"href":"https:\/\/www.pcnen.com\/portal\/wp-json\/wp\/v2\/media?parent=268261"}],"wp:term":[{"taxonomy":"category","embeddable":true,"href":"https:\/\/www.pcnen.com\/portal\/wp-json\/wp\/v2\/categories?post=268261"},{"taxonomy":"post_tag","embeddable":true,"href":"https:\/\/www.pcnen.com\/portal\/wp-json\/wp\/v2\/tags?post=268261"}],"curies":[{"name":"wp","href":"https:\/\/api.w.org\/{rel}","templated":true}]}}