{"id":268239,"date":"2019-06-18T05:50:22","date_gmt":"2019-06-18T03:50:22","guid":{"rendered":"http:\/\/www.pcnen.com\/portal\/?p=268239"},"modified":"2019-06-18T05:50:22","modified_gmt":"2019-06-18T03:50:22","slug":"drago-srbine-progovori-nemoj-cutati","status":"publish","type":"post","link":"https:\/\/www.pcnen.com\/portal\/2019\/06\/18\/drago-srbine-progovori-nemoj-cutati\/","title":{"rendered":"Drago, Srbine, progovori, nemoj \u0107utati!"},"content":{"rendered":"<p><strong><img loading=\"lazy\" decoding=\"async\" class=\"alignright size-medium wp-image-193096\" src=\"http:\/\/www.pcnen.com\/portal\/wp-content\/uploads\/2015\/11\/drago-pilsel-300x220.jpg\" alt=\"\" width=\"300\" height=\"220\" \/>Autor: Drago Pilsel<\/strong><\/p>\n<p>Danas bih u Beogradu trebao govoriti na jednoj debati na temu \u201dIma li pomaka u crkvama prema ispravnom sje\u0107anju\u201d? Trebao bih istaknuti neke va\u017ene trenutke kao \u0161to je bio susret episkopa i biskupa u Po\u017eegi 17. sije\u010dnja ili me\u0111ureligijska molitva za mir u Jasenovcu 2. svibnja, ali kako \u0107u pristupiti temi a da ne naglasim kako prvaci Katoli\u010dke crkve u Republici Hrvatskoj skandalozno \u0161ute usred novog vala nasilja, etni\u010dki motiviranog, bez ikakve sumnje, prema na\u0161im Srbima, na\u0161im sugra\u0111anima?<\/p>\n<p>Trebao bih, osim toga, oti\u0107i na konzultacije na Pravoslavni bogoslovski fakultet u Beogradu (gdje kanim doktorirati) a kako \u0107u tamo govoriti o mojim motivima bez da svjedo\u010dim o sramu i stidu koji osje\u0107am kao student koji nakon pustih decenija dolazi iz Hrvatske s tom namjerom?<\/p>\n<p>Kako \u0107u pak pristupiti zakazanom susretu s patrijarhom Irinejem kada me bude pitao kako stoje stvari u Hrvatskoj i kada mu budem morao re\u0107i da se Srbe, opet, mlati i ubija?<\/p>\n<p>Sve ovo \u010demu svjedo\u010dimo, od Rijeke do Supetra, premda se nasilje doga\u0111a i na drugim relacijama, vra\u0107a me onoj kolumni koncem 2013. kada sam se potpisao kao Jovo Pilsel.<\/p>\n<p>Bila je ta kolumna povod da me na prousta\u0161kim portalima nastave razvla\u010diti, ali sam rekao da je to minimalna cijena koja treba biti pla\u0107ena da se bude uz one koji nemaju platformu mo\u0107i, uz one kojima teologiju kri\u017ea nije potrebno objasniti jer je \u017eive tijelom i du\u0161om, iako misle da \u0107e u svakom trenu puknuti od ljudske ravnodu\u0161nosti prema njihovoj patnji i od dru\u0161tvene besperspektivnosti u svijetu mo\u0107i i nasilja.<\/p>\n<p>Tada su se razbijale \u0107irili\u010dne table u Vukovaru, a ispred zagreba\u010dke katedrale su se skupljali potpisi za referendum protiv \u0107irilice i prava srpske manjine.<\/p>\n<p>Ako me patrijarh srpski bude pitao: \u201dI, Drago, \u0161to ka\u017eu na sve ovo na\u0161a bra\u0107a u hrvatskom episkopatu\u201d, ja ne\u0107u imati drugog izlaza nego da mu odgovorim: \u201dNi\u0161ta, o\u010de, samo \u0161ute, sramotno \u0161ute\u201d. I konstatirati da me ta njihova \u0161utnja strahovito podsje\u0107a na \u201dStepin\u010devo \u0107utanje\u201d.<\/p>\n<p>I zato, prije nego \u0161to krenem u pravcu Beograda, oprostite, ali ja ne mogu druga\u010dije nego viknuti: \u201dDrago, Srbine, nemoj da \u0107uti\u0161!\u201d<\/p>\n<p>Da, Srbin sam, \u0161to je u tomu problem? I progovorit \u0107u kada ve\u0107 gospoda iz HBK kolektivno i pojedina\u010dno \u0161ute.<\/p>\n<p>Gospodin spominje mr\u017enju u Propovijedi na gori: \u201dA ja vam ka\u017eem: Svaki koji se bez razloga srdi na brata svojega, bit \u0107e podvrgnut sudu\u201d (Matej 5,22). Gospodin zapovijeda ne samo da se trebamo pomiriti sa svojim bratom prije nego \u0161to idemo pred Gospodina, ve\u0107 da to prvo u\u010dinimo (Matej 5,23-26).<\/p>\n<p>Dakle, pozicija mr\u017enje je pred Bogom toliko mrska da ka\u017ee da \u010dovjek koji mrzi hoda u tami, suprotno od svjetla (1. Ivanova 2,9. 11).<\/p>\n<p>Najgora je situacija kada \u010dovjek nastavlja ispovijedati vjeru, ali ostaje u neprijateljstvu sa svojim bratom. Biblija izjavljuje da je takva osoba la\u017eljivac (1. Ivanova 4,20) i da mo\u017ee prevariti ljude, ali ne i Boga. Koliki vjernici godinama \u017eive i pretvaraju se da je sve u redu, da su dobro, da bi se na kraju saznalo da nisu, jer gaje neprijateljstvo (mr\u017enju) prema drugom vjerniku?<\/p>\n<p>Djela, bra\u0107o (nad)biskupi, ona se tra\u017ee, bez djela je va\u0161a vjera mrtva. Ovako stoji u Jakovljevoj poslanici: \u201d14\u0160to koristi, bra\u0107o moja, ako tko rekne da ima vjeru, a djel\u00e2 nema? Mo\u017ee li ga vjera spasiti? 15Ako su koji brat ili sestra goli i bez hrane svagdanje 16pa im tkogod od vas rekne: \u2018Hajdete u miru, grijte se i sitite\u2019, a ne dadnete im \u0161to je potrebno za tijelo, koja korist? 17Tako i vjera: ako nema djel\u00e2, mrtva je u sebi. 18Ina\u010de, mogao bi tko re\u0107i: \u2018Ti ima\u0161 vjeru, a ja imam djel\u00e2. Poka\u017ei mi svoju vjeru bez djel\u00e2, a ja \u0107u tebi djelima pokazati svoju vjeru. 19Ti vjeruje\u0161 da je jedan Bog? Dobro \u010dini\u0161! I \u0111avli vjeruju, i dr\u0161\u0107u.\u2019 20Ho\u0107e\u0161 li spoznati, \u0161uplja glavo, da je vjera bez djel\u00e2 jalova?\u201d<\/p>\n<p>Mr\u017enja je otrov koji nas uni\u0161tava iznutra stvaraju\u0107i gor\u010dinu koja izjeda na\u0161e srce i um. Zato nam Sveto pismo govori da ne dopustimo da se \u201dkorijen gor\u010dine\u201d razvije u na\u0161em srcu (Hebrejima 12,15).<\/p>\n<p>Mr\u017enja tako\u0111er uni\u0161tava osobno svjedo\u010danstvo kr\u0161\u0107anina, jer ga uklanja iz zajedni\u0161tva s Gospodinom i drugim vjernicima. Budimo oprezni i u\u010dinimo kako nas Gospodin savjetuje i brzo rije\u0161imo problem sa svakime u vezi svega, bez obzira koliko problem bio malen, a Gospodin je vjeran i oprostit \u0107e nam, kao \u0161to je obe\u0107ao (1. Ivanova 1,9; 2,1).<\/p>\n<p>Me\u0111utim, mi tu imamo i neki dublji problem. Sa\u0161a Milo\u0161evi\u0107, potpredsjednik SNV-a, za tjednik Novosti ka\u017ee kako je eskalacija fizi\u010dkog nasilja na nacionalnoj osnovi rezultat antisrpske kampanje koja se intenzivirala od ulaska Hrvatske u EU. \u201dMi smo za velik dio javnosti ono \u0161to su \u017didovi bili za Der St\u00fcrmer u Hitlerovoj Njema\u010dkoj. Nije bilo pitanje ho\u0107e li verbalno nasilje pre\u0107i u fizi\u010dko, ve\u0107 gdje \u0107e se to desiti i koliki \u0107e mu biti obim\u201d, izjavio je Milo\u0161evi\u0107.<\/p>\n<p>Vra\u0107am se zato ekumenskom susretu u Po\u017eegi, jer ga smatram dobrim izvorom mudrosti. Izrazili su sudionici, tog 17. sije\u010dnja\/januara, uvjerenje kako ni jedna strategija, usmjerena protiv drugog \u010dovjeka, naroda ili Crkve ne mo\u017ee biti uspje\u0161na, jer nije u skladu s Bo\u017ejim naumom o \u010dovjeku i njegovom pobjedom nad zlom i smr\u0107u, ostvarenoj u Isusovoj ljubavi na kri\u017eu.<\/p>\n<p>Spomenuli su se te\u0161kih stradanja srpskog i hrvatskog naroda te drugih gra\u0111ana Hrvatske tijekom nedavne pro\u0161losti u ratnim sukobima, progonima i ubijanjima uzrokovanima mr\u017enjom.<\/p>\n<p>Kazali su da su svjesni da me\u0111usobnim optu\u017eivanjem, manipuliranjem povijesnom istinom, interpretacijom ratnih doga\u0111aja za dnevnopoliti\u010dke svrhe, vrije\u0111anjima i poni\u017eavanjima zbog pripadnosti odre\u0111enoj naciji ili vjeri ostaju zarobljenicima pro\u0161losti i gubitnicima u sada\u0161njosti.<\/p>\n<p>Zauzeli su se da se znanstveno istra\u017ei i argumentirano utvrdi istina o stradanju za vrijeme Drugog svjetskog rata i u vrijeme rata u Hrvatskoj od 1991. do 1995. kako bi se prestalo licitirati s brojem stradalih te im se vratilo dostojanstvo koje imaju kao \u017ertve. A to je, da podsjetim, dio strategije Koalicije za REKOM.<\/p>\n<p>Kona\u010dno, izjavili su da duboko \u017eale svaku nedu\u017enu \u017ertvu bilo kojeg naroda, vjere ili politi\u010dkog nazora iz na\u0161e nedavne pro\u0161losti.<\/p>\n<p>Ja, Drago, Srbin, tako\u0111er uzimam kao polazi\u0161te \u010dvrsto uvjerenje da nas je Bog \u201dpomirio po Kristu i povjerio nam slu\u017ebu pomirenja\u201d (2. Korin\u010danima 5,18).<\/p>\n<p>Stoga molim da se na nama ostvari Isusova rije\u010d: \u201dBudite milosrdni kao \u0161to je Otac va\u0161 milosrdan\u201d (Luka 6,36), da svojim pra\u0161tanjem budemo ve\u0107i od po\u010dinjenog zla koje nas je ponizilo, da bez osvetni\u010dkih misli i osje\u0107aja mr\u017enje u \u010distom pam\u0107enju \u010duvamo spomen na sve \u017ertve, i na nove, te da lije\u010dimo ranjene du\u0161e, promi\u010demo povjerenje i razumijevanje me\u0111u pojedincima i narodima i na taj na\u010din postavljamo \u010dvrste temelje boljoj i pravednijoj budu\u0107nosti u na\u0161oj domovini. Za svakog \u010dovjeka.<\/p>\n<p>Gospodo draga, Srbe mlate i ubijaju, ne\u010dasno je i nekr\u0161\u0107anski \u0107utati!<\/p>\n<p><a href=\"https:\/\/www.autograf.hr\/drago-srbine-progovori-nemoj-cutati\/#more-52945\">Autograf<\/a><\/p>\n","protected":false},"excerpt":{"rendered":"<p>Mr\u017enja je otrov koji nas uni\u0161tava iznutra stvaraju\u0107i gor\u010dinu koja izjeda na\u0161e srce i um<\/p>\n","protected":false},"author":1,"featured_media":0,"comment_status":"open","ping_status":"closed","sticky":false,"template":"","format":"standard","meta":{"_seopress_robots_primary_cat":"","_seopress_titles_title":"","_seopress_titles_desc":"","_seopress_robots_index":"","_et_pb_use_builder":"","_et_pb_old_content":"","_et_gb_content_width":"","inline_featured_image":false,"footnotes":""},"categories":[5],"tags":[],"class_list":["post-268239","post","type-post","status-publish","format-standard","hentry","category-drugi-pisu"],"_links":{"self":[{"href":"https:\/\/www.pcnen.com\/portal\/wp-json\/wp\/v2\/posts\/268239","targetHints":{"allow":["GET"]}}],"collection":[{"href":"https:\/\/www.pcnen.com\/portal\/wp-json\/wp\/v2\/posts"}],"about":[{"href":"https:\/\/www.pcnen.com\/portal\/wp-json\/wp\/v2\/types\/post"}],"author":[{"embeddable":true,"href":"https:\/\/www.pcnen.com\/portal\/wp-json\/wp\/v2\/users\/1"}],"replies":[{"embeddable":true,"href":"https:\/\/www.pcnen.com\/portal\/wp-json\/wp\/v2\/comments?post=268239"}],"version-history":[{"count":0,"href":"https:\/\/www.pcnen.com\/portal\/wp-json\/wp\/v2\/posts\/268239\/revisions"}],"wp:attachment":[{"href":"https:\/\/www.pcnen.com\/portal\/wp-json\/wp\/v2\/media?parent=268239"}],"wp:term":[{"taxonomy":"category","embeddable":true,"href":"https:\/\/www.pcnen.com\/portal\/wp-json\/wp\/v2\/categories?post=268239"},{"taxonomy":"post_tag","embeddable":true,"href":"https:\/\/www.pcnen.com\/portal\/wp-json\/wp\/v2\/tags?post=268239"}],"curies":[{"name":"wp","href":"https:\/\/api.w.org\/{rel}","templated":true}]}}