{"id":268234,"date":"2019-06-17T23:19:38","date_gmt":"2019-06-17T21:19:38","guid":{"rendered":"http:\/\/www.pcnen.com\/portal\/?p=268234"},"modified":"2019-06-17T23:27:24","modified_gmt":"2019-06-17T21:27:24","slug":"dodijeljene-narade-za-eticnost-u-novinarstvu-i-javnom-komuniciranju","status":"publish","type":"post","link":"https:\/\/www.pcnen.com\/portal\/2019\/06\/17\/dodijeljene-narade-za-eticnost-u-novinarstvu-i-javnom-komuniciranju\/","title":{"rendered":"Dodijeljene narade za eti\u010dnost u novinarstvu i javnom komuniciranju"},"content":{"rendered":"<div id=\"attachment_268235\" style=\"width: 310px\" class=\"wp-caption alignleft\"><img loading=\"lazy\" decoding=\"async\" aria-describedby=\"caption-attachment-268235\" class=\"size-medium wp-image-268235\" src=\"http:\/\/www.pcnen.com\/portal\/wp-content\/uploads\/2019\/06\/Nagrade-za-eti\u010dnost-300x231.jpg\" alt=\"\" width=\"300\" height=\"231\" \/><p id=\"caption-attachment-268235\" class=\"wp-caption-text\">Foto: FOS media<\/p><\/div>\n<p>Nagradu za eti\u010dnost u novinarstvu dobio je Danilo Ajkovi\u0107, novinar portala FOS media, a nagradu za eti\u010dnost u javnom komuniciranju gra\u0111anska inicijativa iz Bara &#8220;Zaustavimo izgradnju vrti\u0107a u dvori\u0161tu Gimnazije&#8221; i Aleksandar Berkuljan, radnik u Narodnom muzeju Crne Gore.<\/p>\n<p>Nagrade su uru\u010dene ve\u010deras na prigodnoj sve\u010danosti u podgori\u010dkom kafe-restoranu \u201cSejdefa\u201c.<\/p>\n<p>Nagrade su dio projekta &#8216;Respekt za podizanje eti\u010dkih standarda u medijima i povjerenja gra\u0111ana u eti\u010dke medije&#8217;, koji je realizovao Institut za medije CG u saradnji sa Mirovnim institutom iz Ljubljane i Mre\u017eom za eti\u010dko novinarstvo iz Londona, a uz podr\u0161ku Evropske Unije i Ministarsva javne uprave.<\/p>\n<p>Ve\u010deras je odr\u017eana i zavr\u0161na tribini projekta Respekt pod nazivom \u201cZa\u0161to je etika va\u017ena za opstanak novinarstva i medija?\u201c na kojoj su govorili Tamara Skrozza, novinarka beogradskog nedjeljnika Vreme i novinske agencije Fonet, Petar Komneni\u0107, autor emisije Na\u010disto na TV Vijesti, Chris Elliot, direktor Mre\u017ee za eti\u010dko novinarstvo i nagra\u0111eni novinar Danilo Ajkovi\u0107.<\/p>\n<p>U raspravu su se uklju\u010dili i brojni prisutni novinari, studenti, gra\u0111anski aktivisti i drugi.<\/p>\n<blockquote><p>Obrazlo\u017eenje \u017dirija<\/p>\n<p>\u017diri je jednoglasno odlu\u010dio da nagradu za eti\u010dnost u javnoj komunikaciji ravnopravno zaslu\u017euju dvije nominacije, pa je dodijelio gra\u0111anskoj inicijativi iz Bara \u201cZaustavimo gradnju vrti\u0107a u dvori\u0161tu Gimnazije\/Ekonomske\u201d i Aleksandru Berkuljanu<strong>,<\/strong> zaposlenom u Narodnom muzeju Crne Gore. Gra\u0111ansku inicijativu je za nagradu kandidovala NVO Expeditio iz Kotora, a gospodina Berkuljana gra\u0111anin Emil Novak iz Podgorice.<\/p>\n<p>\u017diri je ocijenio da se eti\u010dnost Gra\u0111anske inicijative ogledala u tome \u0161to je djelovala iz moralnih pobuda, u javnom i u interesu utvr\u0111ivanja istine, \u0161to je bila krajnje otvorena i iskrena u komunikaciji s javno\u0161\u0107u, \u0161to nije dozvolila da bude politi\u010dki zloupotrijebljena, \u0161to je afirmisala zna\u010daj gra\u0111anskog anga\u017emana\u00a0 i time poslu\u017eila kao primjer ostalima u Crnoj Gori kako se treba zalagati za ono \u0161to se prepoznao kao zajedni\u010dno dobro i javni interes.<\/p>\n<p>Tokom svih akcija u odbrani prostora i insistiranja da se dje\u010dji vrti\u0107 gradi na lokaciji koja je prvobitno bila za to predvi\u0111ena, aktivisti\/aktivistkinje gra\u0111anske inicijative su po\u0161tovali eti\u010dke prinicipe javne komunkacije. Oni su se fokusirali na ostvarenje cilja ne vrije\u0111aju\u0107i protivnike, ve\u0107 argumentovano brane\u0107i svoja stajali\u0161ta.<\/p>\n<p>\u017diri je ocijenio da je gospodin Aleksandar Berkuljan svojim upornim javnim ukazivanjem na nestanak velikog boja vrijednih muzejskih eksponata iz Narodnog muzeja Crne Gore pokazao privr\u017eenost visokim moralnim na\u010delima i ispoljio gra\u0111ansku hrabrost. Svojim anga\u017emanom je ukazao na odgovornost nadle\u017enih institucija i zaintesovao lai\u010dku i stru\u010dnu javnost za jedan ozbiljan problem koji traje dugo. \u00a0Gospodin Berkuljan je, po mi\u0161ljenju \u017eirija, svojim eti\u010dkim i hrabrim anga\u017emanom presudno uticao da se ponovo, ali sada sna\u017enije, aktuelizuje pitanje neodgovornog odnosa prema kulturnoj ba\u0161tini institucija koje su zadu\u017eene da je \u0161tite, al ii dru\u0161tva u cjelini.<\/p>\n<p>\u017diri je, tako\u0111e, jednoglasno odlu\u010dio da nagradu za eti\u010dnost u novinarstvu dodijeli Danilu Ajkovi\u0107u, novinaru portal FOS media za seriju pri\u010da o slu\u010daju kada je Osnovni sud u Kotoru otkrio identitet osoba koji su smje\u0161teni u Specijalnu psihijatrijsku bolnicu u Dobroti. (\u201cKotorski sud na internetu objavljuje imena osoba koje su prisilno smje\u0161tene na psihijatriji u Dobroti\u201d; \u201cIzvr\u0161en inspekcijski nadzor: Sud objavljivao imena psihijatrijskih pacijenata, stopirano nakon reakcije FOS-a\u201d).<\/p>\n<p>\u017diri je ocijenio da je Ajkovi\u0107\u00a0 ispri\u010dao pri\u010du na profesionalno odgovoran i eti\u010dan na\u010din. Ono \u0161to je posebno bitno u ovom primjeru profesionalne eti\u010dnosti je to \u0161to je novinar odgodio objavljivanje pri\u010de kako bi prevenirao mogu\u0107nost otkrivanja identiteta psihi\u010dkh bolesnika i to u\u010dinio tek kad je Osnovni sud uklonio njihova imena sa svoga zvaninog veb sajta.<\/p>\n<p>Ajkovi\u0107ev eti\u010dni profesionalni anga\u017eman je inicirao odgovorno pona\u0161anje nadle\u017enih dr\u017eavnih organa i preduprijedio mogu\u0107nost senzacionalisti\u010dke eksploatacije ovog slu\u010daja u medijima.<\/p><\/blockquote>\n","protected":false},"excerpt":{"rendered":"<p>Nagradu za eti\u010dnost u novinarstvu dobio je Danilo Ajkovi\u0107, novinar portala FOS media, a nagradu za eti\u010dnost u javnom komuniciranju gra\u0111anska inicijativa iz Bara &#8220;Zaustavimo izgradnju vrti\u0107a u dvori\u0161tu Gimnazije&#8221; i Aleksandar Berkuljan, radnik u Narodnom muzeju Crne Gore. Nagrade su uru\u010dene ve\u010deras na prigodnoj sve\u010danosti u podgori\u010dkom kafe-restoranu \u201cSejdefa\u201c. Nagrade su dio projekta &#8216;Respekt [&hellip;]<\/p>\n","protected":false},"author":1,"featured_media":0,"comment_status":"open","ping_status":"closed","sticky":false,"template":"","format":"standard","meta":{"_seopress_robots_primary_cat":"","_seopress_titles_title":"","_seopress_titles_desc":"","_seopress_robots_index":"","_et_pb_use_builder":"","_et_pb_old_content":"","_et_gb_content_width":"","inline_featured_image":false,"footnotes":""},"categories":[14,12],"tags":[],"class_list":["post-268234","post","type-post","status-publish","format-standard","hentry","category-vijesti","category-prica-dana"],"_links":{"self":[{"href":"https:\/\/www.pcnen.com\/portal\/wp-json\/wp\/v2\/posts\/268234","targetHints":{"allow":["GET"]}}],"collection":[{"href":"https:\/\/www.pcnen.com\/portal\/wp-json\/wp\/v2\/posts"}],"about":[{"href":"https:\/\/www.pcnen.com\/portal\/wp-json\/wp\/v2\/types\/post"}],"author":[{"embeddable":true,"href":"https:\/\/www.pcnen.com\/portal\/wp-json\/wp\/v2\/users\/1"}],"replies":[{"embeddable":true,"href":"https:\/\/www.pcnen.com\/portal\/wp-json\/wp\/v2\/comments?post=268234"}],"version-history":[{"count":0,"href":"https:\/\/www.pcnen.com\/portal\/wp-json\/wp\/v2\/posts\/268234\/revisions"}],"wp:attachment":[{"href":"https:\/\/www.pcnen.com\/portal\/wp-json\/wp\/v2\/media?parent=268234"}],"wp:term":[{"taxonomy":"category","embeddable":true,"href":"https:\/\/www.pcnen.com\/portal\/wp-json\/wp\/v2\/categories?post=268234"},{"taxonomy":"post_tag","embeddable":true,"href":"https:\/\/www.pcnen.com\/portal\/wp-json\/wp\/v2\/tags?post=268234"}],"curies":[{"name":"wp","href":"https:\/\/api.w.org\/{rel}","templated":true}]}}