{"id":268232,"date":"2019-06-17T22:04:54","date_gmt":"2019-06-17T20:04:54","guid":{"rendered":"http:\/\/www.pcnen.com\/portal\/?p=268232"},"modified":"2019-06-17T22:04:54","modified_gmt":"2019-06-17T20:04:54","slug":"sparno-do-33-stepena","status":"publish","type":"post","link":"https:\/\/www.pcnen.com\/portal\/2019\/06\/17\/sparno-do-33-stepena\/","title":{"rendered":"Sparno, do 33 stepena"},"content":{"rendered":"<p><img loading=\"lazy\" decoding=\"async\" src=\"http:\/\/www.pcnen.com\/portal\/wp-content\/uploads\/2016\/11\/sunce_i_oblaci-300x200.jpg\" alt=\"\" width=\"300\" height=\"200\" class=\"alignright size-medium wp-image-216613\" \/>U Crnoj Gori \u0107e u utorak biti promjenljivo obla\u010dno uz sun\u010dane periode, ali povremeno i mjestimi\u010dno se o\u010dekuje ki\u0161a ili pljusak sa grmljavinom, naro\u010dito u sjevernim i centralnim predjelima. <\/p>\n<p>Vjetar \u0107e biti slab do umjeren, promjenljiv.<\/p>\n<p>Jutarnja temperatura vazduha kreta\u0107e se od 9 do 21, najvi\u0161a dnevna od 20 do 33 stepena.<\/p>\n<p>U Podgorici \u0107e biti promjenljivo obla\u010dno sa suna\u010dnim intervalima, a poslijepodne mogu\u0107a je i prolazna ki\u0161a ili pljusak sa grmljavinom. <\/p>\n<p>Vjetar \u0107e biti slab do umjeren, promjenljivog smjera. <\/p>\n<p>Jutarnja temperatura vazduha bi\u0107e oko 21, najvi\u0161a dnevna oko 33 stepena.  <\/p>\n<p><a href=\"http:\/\/www.meteo.co.me\/misc.php?text=121&amp;sektor=1&amp;grad=ULC\">Prognoza za ostale gradove.<\/a><\/p>\n","protected":false},"excerpt":{"rendered":"<p>U Crnoj Gori \u0107e u utorak biti promjenljivo obla\u010dno uz sun\u010dane periode, ali povremeno i mjestimi\u010dno se o\u010dekuje ki\u0161a ili pljusak sa grmljavinom, naro\u010dito u sjevernim i centralnim predjelima. Vjetar \u0107e biti slab do umjeren, promjenljiv. Jutarnja temperatura vazduha kreta\u0107e se od 9 do 21, najvi\u0161a dnevna od 20 do 33 stepena. U Podgorici \u0107e [&hellip;]<\/p>\n","protected":false},"author":1,"featured_media":0,"comment_status":"open","ping_status":"closed","sticky":false,"template":"","format":"standard","meta":{"_seopress_robots_primary_cat":"","_seopress_titles_title":"","_seopress_titles_desc":"","_seopress_robots_index":"","_et_pb_use_builder":"","_et_pb_old_content":"","_et_gb_content_width":"","inline_featured_image":false,"footnotes":""},"categories":[14,12],"tags":[],"class_list":["post-268232","post","type-post","status-publish","format-standard","hentry","category-vijesti","category-prica-dana"],"_links":{"self":[{"href":"https:\/\/www.pcnen.com\/portal\/wp-json\/wp\/v2\/posts\/268232","targetHints":{"allow":["GET"]}}],"collection":[{"href":"https:\/\/www.pcnen.com\/portal\/wp-json\/wp\/v2\/posts"}],"about":[{"href":"https:\/\/www.pcnen.com\/portal\/wp-json\/wp\/v2\/types\/post"}],"author":[{"embeddable":true,"href":"https:\/\/www.pcnen.com\/portal\/wp-json\/wp\/v2\/users\/1"}],"replies":[{"embeddable":true,"href":"https:\/\/www.pcnen.com\/portal\/wp-json\/wp\/v2\/comments?post=268232"}],"version-history":[{"count":0,"href":"https:\/\/www.pcnen.com\/portal\/wp-json\/wp\/v2\/posts\/268232\/revisions"}],"wp:attachment":[{"href":"https:\/\/www.pcnen.com\/portal\/wp-json\/wp\/v2\/media?parent=268232"}],"wp:term":[{"taxonomy":"category","embeddable":true,"href":"https:\/\/www.pcnen.com\/portal\/wp-json\/wp\/v2\/categories?post=268232"},{"taxonomy":"post_tag","embeddable":true,"href":"https:\/\/www.pcnen.com\/portal\/wp-json\/wp\/v2\/tags?post=268232"}],"curies":[{"name":"wp","href":"https:\/\/api.w.org\/{rel}","templated":true}]}}