{"id":268215,"date":"2019-06-17T15:46:28","date_gmt":"2019-06-17T13:46:28","guid":{"rendered":"http:\/\/www.pcnen.com\/portal\/?p=268215"},"modified":"2019-06-17T15:46:28","modified_gmt":"2019-06-17T13:46:28","slug":"katnic-knezevic-osuden-na-osnovu-bulatovicevog-svjedocenja","status":"publish","type":"post","link":"https:\/\/www.pcnen.com\/portal\/2019\/06\/17\/katnic-knezevic-osuden-na-osnovu-bulatovicevog-svjedocenja\/","title":{"rendered":"Katni\u0107: Kne\u017eevi\u0107 osu\u0111en na osnovu Bulatovi\u0107evog svjedo\u010denja"},"content":{"rendered":"<p><img loading=\"lazy\" decoding=\"async\" src=\"http:\/\/www.pcnen.com\/portal\/wp-content\/uploads\/2015\/06\/Milivoje-Katnic-249x300.jpg\" alt=\"\" width=\"249\" height=\"300\" class=\"alignright size-medium wp-image-182307\" \/>Glavni specijalni tu\u017eilac Milivoje Katni\u0107 je danas u parlamentu kazao da je Milan Kne\u017eevi\u0107, \u0161to se ti\u010de presu\u0111enja u vezi <a href=\"http:\/\/www.pcnen.com\/portal\/2019\/05\/09\/mandic-i-knezevic-osudeni-na-po-pet-godina-zatvora\/\">krivi\u010dnog djela stvaranje kriminalne organizacije i terorizma, osu\u0111en na pet godina zatvora <\/a>na osnovu svjedo\u010denja svjedoka koga je predlo\u017eila odbrana.<\/p>\n<p>On je rekao da dokazi koje je iznijelo Tu\u017eila\u0161tvo nijesu bili dovoljni za osu\u0111uju\u0107u presudu Kne\u017eevi\u0107u.<\/p>\n<p>\u201eMi to nijesmo imali. Ta situacija je sklopljena na osnovu iskaza svjedoka, i to je ovdje poslanik, koji je jasno govorio, gospodin (Predrag) Bulatovi\u0107, a kojeg je predlo\u017eila odbrana. Zna\u010di, odbrana je dala taj dokaz, pa je do\u0161lo do osu\u0111enja ovog lica\u201c, kazao je Katni\u0107, prenosi Mina.<\/p>\n<p>Bulatovi\u0107 je kazao da je Katni\u0107 rekao da je optu\u017enica protiv Kne\u017eevi\u0107a podignuta teorijski.<\/p>\n<p>\u201eZna\u010di, sva pri\u010da o \u010dinjenicama je pala u vodu, i da nije bilo mog svjedo\u010denja, on ne bi bio osu\u0111en.<\/p>\n<p>Ovo \u0107e morati da doka\u017ee ne samo u javnoj komunikaciji, nego i na mjestima gdje je to neophodno, jer je ovim dokazao da on u su\u0161tini zloupotrebljava slu\u017ebeni polo\u017eaj, podme\u0107e, konstrui\u0161te i obra\u010dunava se sa DF-om.<\/p>\n<p>Malo vam je \u0161to ste i \u010dlanove moje familije stavili u montirane procese, sada ho\u0107ete da navu\u010dete jedan dio javnosti protiv mene\u201c, rekao je Bulatovi\u0107.<\/p>\n<p>On je pozvao vrhovnog dr\u017eavnog tu\u017eioca Ivicu Stankovi\u0107a da smijeni Katni\u0107a bog ove izjave i da ga po\u0161alje u zatvor.<br \/>\n Bulatovi\u0107 je istakao da je Katni\u0107 danas \u201eizrekao osloba\u0111aju\u0107u presudu Kne\u017eevi\u0107u, i presudu sebi\u201c.<\/p>\n","protected":false},"excerpt":{"rendered":"<p>Glavni specijalni tu\u017eilac Milivoje Katni\u0107 je danas u parlamentu kazao da je Milan Kne\u017eevi\u0107, \u0161to se ti\u010de presu\u0111enja u vezi krivi\u010dnog djela stvaranje kriminalne organizacije i terorizma, osu\u0111en na pet godina zatvora na osnovu svjedo\u010denja svjedoka koga je predlo\u017eila odbrana. On je rekao da dokazi koje je iznijelo Tu\u017eila\u0161tvo nijesu bili dovoljni za osu\u0111uju\u0107u presudu [&hellip;]<\/p>\n","protected":false},"author":1,"featured_media":0,"comment_status":"open","ping_status":"closed","sticky":false,"template":"","format":"standard","meta":{"_seopress_robots_primary_cat":"","_seopress_titles_title":"","_seopress_titles_desc":"","_seopress_robots_index":"","_et_pb_use_builder":"","_et_pb_old_content":"","_et_gb_content_width":"","inline_featured_image":false,"footnotes":""},"categories":[14,12],"tags":[],"class_list":["post-268215","post","type-post","status-publish","format-standard","hentry","category-vijesti","category-prica-dana"],"_links":{"self":[{"href":"https:\/\/www.pcnen.com\/portal\/wp-json\/wp\/v2\/posts\/268215","targetHints":{"allow":["GET"]}}],"collection":[{"href":"https:\/\/www.pcnen.com\/portal\/wp-json\/wp\/v2\/posts"}],"about":[{"href":"https:\/\/www.pcnen.com\/portal\/wp-json\/wp\/v2\/types\/post"}],"author":[{"embeddable":true,"href":"https:\/\/www.pcnen.com\/portal\/wp-json\/wp\/v2\/users\/1"}],"replies":[{"embeddable":true,"href":"https:\/\/www.pcnen.com\/portal\/wp-json\/wp\/v2\/comments?post=268215"}],"version-history":[{"count":0,"href":"https:\/\/www.pcnen.com\/portal\/wp-json\/wp\/v2\/posts\/268215\/revisions"}],"wp:attachment":[{"href":"https:\/\/www.pcnen.com\/portal\/wp-json\/wp\/v2\/media?parent=268215"}],"wp:term":[{"taxonomy":"category","embeddable":true,"href":"https:\/\/www.pcnen.com\/portal\/wp-json\/wp\/v2\/categories?post=268215"},{"taxonomy":"post_tag","embeddable":true,"href":"https:\/\/www.pcnen.com\/portal\/wp-json\/wp\/v2\/tags?post=268215"}],"curies":[{"name":"wp","href":"https:\/\/api.w.org\/{rel}","templated":true}]}}