{"id":268207,"date":"2019-06-17T11:18:14","date_gmt":"2019-06-17T09:18:14","guid":{"rendered":"http:\/\/www.pcnen.com\/portal\/?p=268207"},"modified":"2019-06-17T11:50:24","modified_gmt":"2019-06-17T09:50:24","slug":"jadran-medu-najzagadenijima-morimau-evropi","status":"publish","type":"post","link":"https:\/\/www.pcnen.com\/portal\/2019\/06\/17\/jadran-medu-najzagadenijima-morimau-evropi\/","title":{"rendered":"Jadran me\u0111u najzaga\u0111enijim morima u Evropi"},"content":{"rendered":"<p><img loading=\"lazy\" decoding=\"async\" src=\"http:\/\/www.pcnen.com\/portal\/wp-content\/uploads\/2012\/08\/more-300x225.jpg\" alt=\"\" width=\"300\" height=\"225\" class=\"alignright size-medium wp-image-91672\" \/>Zastupljenost plasti\u010dnog otpada na dnu Jadranskog mora je me\u0111u najve\u0107im u Evropi nakon sjeveroisto\u010dnog dijela Sredozemnog i Keltskog mora.<\/p>\n<p>Otpad u Jadran sti\u017ee od oko \u010detiri miliona ljudi koji \u017eive uz njegove obale, a taj se broj tokom turisti\u010dke sezone pove\u0107a gotovo \u0161est puta, upozorio je me\u0111unarodni tim stru\u010dnjaka u studiji objavljenoj u \u010dasopisu Marine Pollution Bulletin, prenosi Index.hr.<\/p>\n<p>Poseban problem Jadrana je to \u0161to se radi o prili\u010dno malom, plitkom i poluzatvorenom moru koje je sa Sredozemnim, koje je tako\u0111e poluzatvoreno i zaga\u0111eno, povezano Otrantskim vratima, \u0161irokima samo 80-ak kilometara.<\/p>\n<p>U ju\u017ene hrvatske vode ve\u0107ina plasti\u010dnog otpada, oko 90 odsto, dolazi zahvaljuju\u0107i strujama i vjetrovima najvi\u0161e iz Albanije.<\/p>\n<p>Pero Tutman iz Instituta za okeanografiju i ribarstvo u Splitu (IZOR) ka\u017ee da od 70 do 80 odsto otpada u mora dolazi s kopna, dok ostalo sti\u017ee s mora od transporta, turisti\u010dkih aktivnosti, nauti\u010dkog turizma, ribarstva, s of\u0161or platformi. <\/p>\n","protected":false},"excerpt":{"rendered":"<p>Zastupljenost plasti\u010dnog otpada na dnu Jadranskog mora je me\u0111u najve\u0107im u Evropi nakon sjeveroisto\u010dnog dijela Sredozemnog i Keltskog mora. Otpad u Jadran sti\u017ee od oko \u010detiri miliona ljudi koji \u017eive uz njegove obale, a taj se broj tokom turisti\u010dke sezone pove\u0107a gotovo \u0161est puta, upozorio je me\u0111unarodni tim stru\u010dnjaka u studiji objavljenoj u \u010dasopisu Marine [&hellip;]<\/p>\n","protected":false},"author":1,"featured_media":0,"comment_status":"open","ping_status":"closed","sticky":false,"template":"","format":"standard","meta":{"_seopress_robots_primary_cat":"","_seopress_titles_title":"","_seopress_titles_desc":"","_seopress_robots_index":"","_et_pb_use_builder":"","_et_pb_old_content":"","_et_gb_content_width":"","inline_featured_image":false,"footnotes":""},"categories":[14,12],"tags":[],"class_list":["post-268207","post","type-post","status-publish","format-standard","hentry","category-vijesti","category-prica-dana"],"_links":{"self":[{"href":"https:\/\/www.pcnen.com\/portal\/wp-json\/wp\/v2\/posts\/268207","targetHints":{"allow":["GET"]}}],"collection":[{"href":"https:\/\/www.pcnen.com\/portal\/wp-json\/wp\/v2\/posts"}],"about":[{"href":"https:\/\/www.pcnen.com\/portal\/wp-json\/wp\/v2\/types\/post"}],"author":[{"embeddable":true,"href":"https:\/\/www.pcnen.com\/portal\/wp-json\/wp\/v2\/users\/1"}],"replies":[{"embeddable":true,"href":"https:\/\/www.pcnen.com\/portal\/wp-json\/wp\/v2\/comments?post=268207"}],"version-history":[{"count":0,"href":"https:\/\/www.pcnen.com\/portal\/wp-json\/wp\/v2\/posts\/268207\/revisions"}],"wp:attachment":[{"href":"https:\/\/www.pcnen.com\/portal\/wp-json\/wp\/v2\/media?parent=268207"}],"wp:term":[{"taxonomy":"category","embeddable":true,"href":"https:\/\/www.pcnen.com\/portal\/wp-json\/wp\/v2\/categories?post=268207"},{"taxonomy":"post_tag","embeddable":true,"href":"https:\/\/www.pcnen.com\/portal\/wp-json\/wp\/v2\/tags?post=268207"}],"curies":[{"name":"wp","href":"https:\/\/api.w.org\/{rel}","templated":true}]}}