{"id":268114,"date":"2019-06-16T12:19:16","date_gmt":"2019-06-16T10:19:16","guid":{"rendered":"http:\/\/www.pcnen.com\/portal\/?p=268114"},"modified":"2019-06-16T20:35:52","modified_gmt":"2019-06-16T18:35:52","slug":"mobilni-telefoni-mijenjaju-ljudski-skelet","status":"publish","type":"post","link":"https:\/\/www.pcnen.com\/portal\/2019\/06\/16\/mobilni-telefoni-mijenjaju-ljudski-skelet\/","title":{"rendered":"Mobilni telefoni mijenjaju ljudski skelet"},"content":{"rendered":"<p><img loading=\"lazy\" decoding=\"async\" class=\"alignright size-medium wp-image-194964\" src=\"http:\/\/www.pcnen.com\/portal\/wp-content\/uploads\/2015\/12\/mobilni-300x220.jpg\" alt=\"\" width=\"300\" height=\"220\" \/>Nau\u010dnici isti\u010du da ljudi provode toliko mnogo vremena gledajuc\u0301i u pametne telefone i tablete, da su po\u010deli da dobijaju ko\u0161\u010dati \u201e\u0161iljak\u201c pri dnu lobanje.<\/p>\n<p>Nau\u010dnici su primijetili da sve vec\u0301i broj ljudi dobija izrasline na lobanjama, koje su prvi put dijagnostikovane po\u010detkom 19. vijeka. Sada ih mnogi ljudi mogu napipati, a na ljudima bez kose se mogu i vidjeti, pi\u0161e Dejli mejl.<\/p>\n<p>Istra\u017eivanje pokazuje da se izrasline najbr\u017ee razvijaju kod mladih ljudi i da se naj\u010de\u0161c\u0301e pojavljuju izme\u0111u 18. i 30. godine \u017eivota, prenosi sputniknews.com.<\/p>\n<p>Stru\u010dnjaci su saglasni da je uzrok sve vec\u0301eg broja ko\u0161\u010datih \u0161iljaka vrijeme koje ljudi provode pogleda uperenog nadolje naj\u010de\u0161c\u0301e prilikom \u201eskrolovanja\u201c po telefonu i tabletu.<\/p>\n<p>Ta poza dovodi do napora u djelovima tijela koji se ina\u010de rje\u0111e koriste, tako da oni po\u010dinju da se mijenjaju.<\/p>\n","protected":false},"excerpt":{"rendered":"<p>Nau\u010dnici isti\u010du da ljudi provode toliko mnogo vremena gledajuc\u0301i u pametne telefone i tablete, da su po\u010deli da dobijaju ko\u0161\u010dati \u201e\u0161iljak\u201c pri dnu lobanje. Nau\u010dnici su primijetili da sve vec\u0301i broj ljudi dobija izrasline na lobanjama, koje su prvi put dijagnostikovane po\u010detkom 19. vijeka. Sada ih mnogi ljudi mogu napipati, a na ljudima bez kose [&hellip;]<\/p>\n","protected":false},"author":1,"featured_media":0,"comment_status":"open","ping_status":"closed","sticky":false,"template":"","format":"standard","meta":{"_seopress_robots_primary_cat":"","_seopress_titles_title":"","_seopress_titles_desc":"","_seopress_robots_index":"","_et_pb_use_builder":"","_et_pb_old_content":"","_et_gb_content_width":"","inline_featured_image":false,"footnotes":""},"categories":[14,12],"tags":[],"class_list":["post-268114","post","type-post","status-publish","format-standard","hentry","category-vijesti","category-prica-dana"],"_links":{"self":[{"href":"https:\/\/www.pcnen.com\/portal\/wp-json\/wp\/v2\/posts\/268114","targetHints":{"allow":["GET"]}}],"collection":[{"href":"https:\/\/www.pcnen.com\/portal\/wp-json\/wp\/v2\/posts"}],"about":[{"href":"https:\/\/www.pcnen.com\/portal\/wp-json\/wp\/v2\/types\/post"}],"author":[{"embeddable":true,"href":"https:\/\/www.pcnen.com\/portal\/wp-json\/wp\/v2\/users\/1"}],"replies":[{"embeddable":true,"href":"https:\/\/www.pcnen.com\/portal\/wp-json\/wp\/v2\/comments?post=268114"}],"version-history":[{"count":0,"href":"https:\/\/www.pcnen.com\/portal\/wp-json\/wp\/v2\/posts\/268114\/revisions"}],"wp:attachment":[{"href":"https:\/\/www.pcnen.com\/portal\/wp-json\/wp\/v2\/media?parent=268114"}],"wp:term":[{"taxonomy":"category","embeddable":true,"href":"https:\/\/www.pcnen.com\/portal\/wp-json\/wp\/v2\/categories?post=268114"},{"taxonomy":"post_tag","embeddable":true,"href":"https:\/\/www.pcnen.com\/portal\/wp-json\/wp\/v2\/tags?post=268114"}],"curies":[{"name":"wp","href":"https:\/\/api.w.org\/{rel}","templated":true}]}}