{"id":268106,"date":"2019-06-16T11:42:47","date_gmt":"2019-06-16T09:42:47","guid":{"rendered":"http:\/\/www.pcnen.com\/portal\/?p=268106"},"modified":"2019-06-16T16:03:55","modified_gmt":"2019-06-16T14:03:55","slug":"amfilohije-vucic-je-izdajnik","status":"publish","type":"post","link":"https:\/\/www.pcnen.com\/portal\/2019\/06\/16\/amfilohije-vucic-je-izdajnik\/","title":{"rendered":"Amfilohije: Vu\u010di\u0107 je izdajnik"},"content":{"rendered":"<p><img loading=\"lazy\" decoding=\"async\" src=\"http:\/\/www.pcnen.com\/portal\/wp-content\/uploads\/2018\/01\/Amfilohije-300x200.jpg\" alt=\"\" width=\"300\" height=\"200\" class=\"alignright size-medium wp-image-239442\" \/>Mitropoliti crnogorsko-primorski Amfilohije potvrdio je pisanje Vijesti o sukobu sa predsjednikom Srbije Aleksandrom Vu\u010di\u0107em uo\u010di <a href=\"http:\/\/www.pcnen.com\/portal\/2019\/05\/27\/grupa-vladika-pisala-patrijarhu-nijesmo-zvali-vucica-na-sabor\/\">majskog Svetog arhijerejskog s<\/a>abora Srpske pravoslavne crkve.<\/p>\n<p>\u201cVu\u010di\u0107 je izdajnik. Svojim pona\u0161anjem i postupcima pokazuje da \u0107e izdati Kosovo. To sam rekao, ali nismo se raspravljali, jer se on meni tako ne obra\u0107a. Druga\u010dije razgovara sa mnom\u201d, kazao je Amfilohije.<\/p>\n<p>Komentari\u0161u\u0107i izjave generalnog sekretara predsjednika Srbije Nikole Selakovi\u0107a koji je <a href=\"http:\/\/www.pcnen.com\/portal\/2019\/05\/18\/selakovic-brutalne-lazi-o-susretu-vucica-sa-vladikama\/\">tvrdio da nikakvog sukoba nije bilo,<\/a> rekao je da Vu\u010di\u0107 i njegovi saradnici jedno pri\u010daju javno, a drugo pred njim.<\/p>\n<p>Ponovio je da se zna stav Sabora oko Kosova i Metohije &#8211; da je to svetinja, nadali\u0161te i da su protiv nezavisnosti i podjele KiM.<\/p>\n","protected":false},"excerpt":{"rendered":"<p>Mitropoliti crnogorsko-primorski Amfilohije potvrdio je pisanje Vijesti o sukobu sa predsjednikom Srbije Aleksandrom Vu\u010di\u0107em uo\u010di majskog Svetog arhijerejskog sabora Srpske pravoslavne crkve. \u201cVu\u010di\u0107 je izdajnik. Svojim pona\u0161anjem i postupcima pokazuje da \u0107e izdati Kosovo. To sam rekao, ali nismo se raspravljali, jer se on meni tako ne obra\u0107a. Druga\u010dije razgovara sa mnom\u201d, kazao je Amfilohije. [&hellip;]<\/p>\n","protected":false},"author":1,"featured_media":0,"comment_status":"open","ping_status":"closed","sticky":false,"template":"","format":"standard","meta":{"_seopress_robots_primary_cat":"","_seopress_titles_title":"","_seopress_titles_desc":"","_seopress_robots_index":"","_et_pb_use_builder":"","_et_pb_old_content":"","_et_gb_content_width":"","inline_featured_image":false,"footnotes":""},"categories":[14,12],"tags":[],"class_list":["post-268106","post","type-post","status-publish","format-standard","hentry","category-vijesti","category-prica-dana"],"_links":{"self":[{"href":"https:\/\/www.pcnen.com\/portal\/wp-json\/wp\/v2\/posts\/268106","targetHints":{"allow":["GET"]}}],"collection":[{"href":"https:\/\/www.pcnen.com\/portal\/wp-json\/wp\/v2\/posts"}],"about":[{"href":"https:\/\/www.pcnen.com\/portal\/wp-json\/wp\/v2\/types\/post"}],"author":[{"embeddable":true,"href":"https:\/\/www.pcnen.com\/portal\/wp-json\/wp\/v2\/users\/1"}],"replies":[{"embeddable":true,"href":"https:\/\/www.pcnen.com\/portal\/wp-json\/wp\/v2\/comments?post=268106"}],"version-history":[{"count":0,"href":"https:\/\/www.pcnen.com\/portal\/wp-json\/wp\/v2\/posts\/268106\/revisions"}],"wp:attachment":[{"href":"https:\/\/www.pcnen.com\/portal\/wp-json\/wp\/v2\/media?parent=268106"}],"wp:term":[{"taxonomy":"category","embeddable":true,"href":"https:\/\/www.pcnen.com\/portal\/wp-json\/wp\/v2\/categories?post=268106"},{"taxonomy":"post_tag","embeddable":true,"href":"https:\/\/www.pcnen.com\/portal\/wp-json\/wp\/v2\/tags?post=268106"}],"curies":[{"name":"wp","href":"https:\/\/api.w.org\/{rel}","templated":true}]}}