{"id":268071,"date":"2019-06-15T18:08:57","date_gmt":"2019-06-15T16:08:57","guid":{"rendered":"http:\/\/www.pcnen.com\/portal\/?p=268071"},"modified":"2019-06-15T18:09:56","modified_gmt":"2019-06-15T16:09:56","slug":"amfilohije-dokument-iz-1919-potvrduje-crkvenu-imovinu","status":"publish","type":"post","link":"https:\/\/www.pcnen.com\/portal\/2019\/06\/15\/amfilohije-dokument-iz-1919-potvrduje-crkvenu-imovinu\/","title":{"rendered":"Amfilohije: Dokument iz 1919. potvr\u0111uje crkvenu imovinu"},"content":{"rendered":"<p><img loading=\"lazy\" decoding=\"async\" src=\"http:\/\/www.pcnen.com\/portal\/wp-content\/uploads\/2018\/01\/Amfilohije-300x200.jpg\" alt=\"\" width=\"300\" height=\"200\" class=\"alignright size-medium wp-image-239442\" \/>Mitropolit rnogorsko-primorski  Amfilohije je za RTS rekao da Mitropolija ima dokument iz 1919. godine u kome stoji \u0161ta ta\u010dno propada dr\u017eavi Crnoj Gori, \u0161to \u0107e predstaviti i me\u0111unarodnoj javnosti.<\/p>\n<p>&#8220;Od svih crkava samo jedna kapela u bolnici Danilo Prvi upisana je kao dr\u017eavna imovina, sve ostalo je pripadalo crkvi. I 1868. i 1878. godine i za vrijeme kralja Nikole navodi se \u0161ta je dr\u017eavno, \u0161ta je vladarske ku\u0107e, a \u0161ta je crkveno&#8221;, rekao Amfilohije.<\/p>\n<p>Poru\u010dio je da Mitropolija crnogorsko-primorska tra\u017ei da se crkvena imovina koja je oduzeta poslije Drugog svjetskog rata vrati, \u0161to je i ura\u0111eno 2000. godine, ali je ta odluka kasnije ukinuta.<\/p>\n","protected":false},"excerpt":{"rendered":"<p>Samo jedna kapela u bolnici Danilo Prvi upisana je kao dr\u017eavna imovina<\/p>\n","protected":false},"author":1,"featured_media":0,"comment_status":"open","ping_status":"closed","sticky":false,"template":"","format":"standard","meta":{"_seopress_robots_primary_cat":"","_seopress_titles_title":"","_seopress_titles_desc":"","_seopress_robots_index":"","_et_pb_use_builder":"","_et_pb_old_content":"","_et_gb_content_width":"","inline_featured_image":false,"footnotes":""},"categories":[14,12],"tags":[],"class_list":["post-268071","post","type-post","status-publish","format-standard","hentry","category-vijesti","category-prica-dana"],"_links":{"self":[{"href":"https:\/\/www.pcnen.com\/portal\/wp-json\/wp\/v2\/posts\/268071","targetHints":{"allow":["GET"]}}],"collection":[{"href":"https:\/\/www.pcnen.com\/portal\/wp-json\/wp\/v2\/posts"}],"about":[{"href":"https:\/\/www.pcnen.com\/portal\/wp-json\/wp\/v2\/types\/post"}],"author":[{"embeddable":true,"href":"https:\/\/www.pcnen.com\/portal\/wp-json\/wp\/v2\/users\/1"}],"replies":[{"embeddable":true,"href":"https:\/\/www.pcnen.com\/portal\/wp-json\/wp\/v2\/comments?post=268071"}],"version-history":[{"count":0,"href":"https:\/\/www.pcnen.com\/portal\/wp-json\/wp\/v2\/posts\/268071\/revisions"}],"wp:attachment":[{"href":"https:\/\/www.pcnen.com\/portal\/wp-json\/wp\/v2\/media?parent=268071"}],"wp:term":[{"taxonomy":"category","embeddable":true,"href":"https:\/\/www.pcnen.com\/portal\/wp-json\/wp\/v2\/categories?post=268071"},{"taxonomy":"post_tag","embeddable":true,"href":"https:\/\/www.pcnen.com\/portal\/wp-json\/wp\/v2\/tags?post=268071"}],"curies":[{"name":"wp","href":"https:\/\/api.w.org\/{rel}","templated":true}]}}