{"id":268049,"date":"2019-06-15T11:45:48","date_gmt":"2019-06-15T09:45:48","guid":{"rendered":"http:\/\/www.pcnen.com\/portal\/?p=268049"},"modified":"2019-06-15T12:02:06","modified_gmt":"2019-06-15T10:02:06","slug":"amfilohije-neka-pisu-zakone-kao-sveti-petar-cetinjski","status":"publish","type":"post","link":"https:\/\/www.pcnen.com\/portal\/2019\/06\/15\/amfilohije-neka-pisu-zakone-kao-sveti-petar-cetinjski\/","title":{"rendered":"Amfilohije: Neka pi\u0161u zakone kao Sveti Petar Cetinjski"},"content":{"rendered":"<div id=\"attachment_268050\" style=\"width: 310px\" class=\"wp-caption alignright\"><img loading=\"lazy\" decoding=\"async\" aria-describedby=\"caption-attachment-268050\" class=\"size-medium wp-image-268050\" src=\"http:\/\/www.pcnen.com\/portal\/wp-content\/uploads\/2019\/06\/djukanovic-amfilohije-300x172.jpg\" alt=\"\" width=\"300\" height=\"172\" \/><p id=\"caption-attachment-268050\" class=\"wp-caption-text\">Vremena ljubavi i sloge (arhivski snimak)<\/p><\/div>\n<p>U poruci, pro\u010ditanoj na dana\u0161njem Troji\u010didanskom narodnom saboru u Sabornom hramu Hristovog Vaskrsenja u Podgorici, navodi se da je Vladin Predlog zakona o vjerskim zajednicama \u201cpripremljen jednostrano, isklju\u010divo od predstavnika Vlade Crne Gore, kome nije prethodio istinski, javni, transparentni i stalni dijalog predstavnika dr\u017eavne vlasti sa predstavnicima na\u0161e Crkve i drugih vjerskih zajednica\u201c.<\/p>\n<p>\u201cPrekr\u0161ene su i brojne odredbe obavezuju\u0107e, propisane procedure. Crkva i vjerske zajednice su bile diskriminisane od po\u010detka netransparentne i zakulisne pripreme veoma lo\u0161eg Nacrta do utvr\u0111ivanja jo\u0161 goreg Predloga zakona. I pored vi\u0161e zahtjeva, predstavnicima na\u0161e Crkve nije omogu\u0107eno u\u010de\u0161\u0107e u Radnoj grupi za izradu zakona. Do danas nije poznato ko su \u010dlanovi Radne grupe i da li ona uop\u0161te postoji. Ni u jednoj fazi ovog postupka nismo imali pravo na u\u010de\u0161\u0107e, \u0161to predstavlja presedan svoje vrste\u201c, navodi se u poruci.<\/p>\n<p>\u201cPredlog zakona, u zna\u010dajnom broju njegovih odredbi, predstavlja su\u0161tu suprotnost svemu \u0161to jesu sloboda vjere, tolerancija i dijalog u njihovom savremenom i svevremenom izrazu, koji vode ka normativnom regulisanju pravnog polo\u017eaja crkava i vjerskih zajednica. Pravo na slobodu vjeroispovijesti u njegovom individualnom i kolektivnom aspektu mora biti svuda u istom obimu i izrazu. Crna Gora, u tom pogledu, ne mo\u017ee i ne smije da predstavlja izuzetak.<\/p>\n<p>Crnoj Gori jeste potreban novi Zakon u ovoj oblasti, ali zakon koji \u0107e biti pripremljen sa pa\u017enjom, u atmosferi dijaloga i uva\u017eavanja, od predstavnika Vlade, Crkve, vjerskih zajednica, eksperata i zainteresovanih lica, a ne suprotno kao \u0161to je bilo i 2015. i 2019. godine. Novi zakon mora da bude u funkciji svake vjere i svih vjera zajedno, svakoga vjernika pojedina\u010dno i svih zajedno, a ne protiv jedne vjere, Pravoslavne Crkve, njenih episkopa, sve\u0161tenika, monaha, monahinja i vjernika \u2013 kako je ve\u0107 u javnosti prepoznat Predlog zakona\u201c, re\u010deno je, pore ostalog, u poruci, koja je u cjelosti objavljena na <a href=\"https:\/\/mitropolija.com\/2019\/06\/15\/poreuka-trojicindanskog-sabora-u-podgorici\/\">internet stranici Miropolije crnogorsko-primorske.<\/a><\/p>\n<p>Mitropoliti crnogorsko-primorski Amfilohije je pozvao danas vlast da donose zakone kakve je pisao Sveti Petar Cetinjski, a ne da stvaraju razdore i mr\u017enju.<\/p>\n<p>\u201cTakve zakone da pi\u0161u, a ne da stvaraju razdore i mr\u017enju i da na tome grade budu\u0107nost Crne Gore\u201d, rekao je Amfilohije.<\/p>\n<p>https:\/\/youtube.com\/watch?v=SY-A-gxtU8U<\/p>\n<p>Povod za dana\u0161nji sabor je Predloga zakona o slobodi vjeropisovijesti kojim je predvi\u0111eno da svi pravoslavni hramovi izgra\u0111eni do 1918. godine postanu dr\u017eavno vlasni\u0161tvo, \u010demu se SPC i njene mitropolije koje djeluju na teritoriji Crne Gore \u017eestoko protive.<\/p>\n<p>Tokom Sabora potpisivana je peticija protiv predlo\u017eenog zakona, a gra\u0111ani su pozvani da nastave potpisivanje i narednih dana.<\/p>\n<p>Crnogorska grani\u010dna policija, prema pisanju portala In4S, na grani\u010dnom prelazu Dobrakovo satima zadr\u017eava vjernike iz Srbije koji su krenuli na Troji\u010dindanski sabor u Podgoricu, ali i druge gra\u0111ane Srbije.<\/p>\n<p>Nezadovoljni nakon \u0161est sati \u010dekanja, vjernici su blokirali taj grani\u010dni prelaz.<\/p>\n<p><iframe loading=\"lazy\" title=\"Grani\u010dni prelaz Dobrakovo, Vernici krenuli na Sabor\" width=\"1080\" height=\"608\" src=\"https:\/\/www.youtube.com\/embed\/M8pjvmViMDU?feature=oembed\" frameborder=\"0\" allow=\"accelerometer; autoplay; clipboard-write; encrypted-media; gyroscope; picture-in-picture; web-share\" allowfullscreen><\/iframe><\/p>\n","protected":false},"excerpt":{"rendered":"<p>&#8220;Novi zakon mora da bude u funkciji svake vjere i svih vjera zajedno, svakoga vjernika pojedina\u010dno i svih zajedno, a ne protiv jedne vjere, Pravoslavne Crkve, njenih episkopa, sve\u0161tenika, monaha, monahinja i vjernika \u2013 kako je ve\u0107 u javnosti prepoznat Predlog zakon&#8221;<\/p>\n","protected":false},"author":1,"featured_media":0,"comment_status":"open","ping_status":"closed","sticky":false,"template":"","format":"standard","meta":{"_seopress_robots_primary_cat":"","_seopress_titles_title":"","_seopress_titles_desc":"","_seopress_robots_index":"","_et_pb_use_builder":"","_et_pb_old_content":"","_et_gb_content_width":"","inline_featured_image":false,"footnotes":""},"categories":[14,12],"tags":[],"class_list":["post-268049","post","type-post","status-publish","format-standard","hentry","category-vijesti","category-prica-dana"],"_links":{"self":[{"href":"https:\/\/www.pcnen.com\/portal\/wp-json\/wp\/v2\/posts\/268049","targetHints":{"allow":["GET"]}}],"collection":[{"href":"https:\/\/www.pcnen.com\/portal\/wp-json\/wp\/v2\/posts"}],"about":[{"href":"https:\/\/www.pcnen.com\/portal\/wp-json\/wp\/v2\/types\/post"}],"author":[{"embeddable":true,"href":"https:\/\/www.pcnen.com\/portal\/wp-json\/wp\/v2\/users\/1"}],"replies":[{"embeddable":true,"href":"https:\/\/www.pcnen.com\/portal\/wp-json\/wp\/v2\/comments?post=268049"}],"version-history":[{"count":0,"href":"https:\/\/www.pcnen.com\/portal\/wp-json\/wp\/v2\/posts\/268049\/revisions"}],"wp:attachment":[{"href":"https:\/\/www.pcnen.com\/portal\/wp-json\/wp\/v2\/media?parent=268049"}],"wp:term":[{"taxonomy":"category","embeddable":true,"href":"https:\/\/www.pcnen.com\/portal\/wp-json\/wp\/v2\/categories?post=268049"},{"taxonomy":"post_tag","embeddable":true,"href":"https:\/\/www.pcnen.com\/portal\/wp-json\/wp\/v2\/tags?post=268049"}],"curies":[{"name":"wp","href":"https:\/\/api.w.org\/{rel}","templated":true}]}}