{"id":268036,"date":"2019-06-15T06:00:16","date_gmt":"2019-06-15T04:00:16","guid":{"rendered":"http:\/\/www.pcnen.com\/portal\/?p=268036"},"modified":"2019-06-14T21:48:42","modified_gmt":"2019-06-14T19:48:42","slug":"halo-govori-bog","status":"publish","type":"post","link":"https:\/\/www.pcnen.com\/portal\/2019\/06\/15\/halo-govori-bog\/","title":{"rendered":"Halo, govori Bog"},"content":{"rendered":"<p><strong><img loading=\"lazy\" decoding=\"async\" class=\"size-medium wp-image-218028 alignleft\" src=\"http:\/\/www.pcnen.com\/portal\/wp-content\/uploads\/2016\/12\/Zlatko-Pakovic-300x220.jpg\" alt=\"\" width=\"300\" height=\"220\" \/>Pi\u0161e: Zlatko Pakovi\u0107<\/strong><\/p>\n<p>Kako li sve ljudi nisu kreirali onu vrhunaravnu, dakle imaginarnu, osobu koju nazivaju Bogom, s \u010dim je sve nisu udvajali, utrojili i \u010dere\u010dili, i u kakve li ne poslove uplitali, i \u010dime sve nisu punili sadr\u017eaj tog pojma bog\u2026<\/p>\n<p>\u2026 prema svojim umnim i bezumnim mogu\u0107nostima, strastima i socijalnim i ekonomskim potrebama: od onog Aristotelovog, genijalnog, dijalekti\u010dkog, dinami\u010dkog pojmovnog odre\u0111enja, da je bog pokreta\u010d koji pokre\u0107e samo kad je ljubljen, dakle, kad je i sam pokrenut, i onog, tako\u0111e dijalekti\u010dkog, tako\u0111e genijalnog, Hegelovog, da je pojam boga jedinstveni samorazaraju\u0107i pojam, preko onog \u010dudesnog danteovskog da je Bog potencija, to jest Mo\u0107, i Spinozinog: \u201eBog, to jest Priroda\u201c, do atavisti\u010dkih, idiotizuju\u0107ih odre\u0111enja boga u XX i XXI veku, kao vlastite pr\u0107ije, poseda i starostavnog sredstva za privatni probitak i masovni pomor.<\/p>\n<p>\u201eKad bi goveda i konji imali ruke, pa kad bi jo\u0161 i hteli da slikaju i tvore dela kao ljudi, slikali bi likove bogova daju\u0107i im telo kao \u0161to ga sami imaju: konji konjsko, a goveda gove\u0111e\u2026\u201c, pisao je, jo\u0161 u VI stole\u0107u pre nove ere, mudro Ksenofan. Pod uticajem lektire sufijskih pesnika, ruskih i francuskih hri\u0161\u0107anskih personalista, i latinoameri\u010dkih teologa oslobo\u0111enja, rekao bih da magarci, goveda (i psi i ostali), ako bi mislili o pojmu boga, ba\u0161 kao i ljudi kad bi mislili o pojmu boga, morali bi do\u0107i do definicije da je bog bi\u0107e apsolutno nepodlo\u017eno dresuri (jednostavnije, ali ne tako precizno re\u010deno: apsolutno nedresirano bi\u0107e).<\/p>\n<p>Rade\u0107i na ovoj temi s grupom srednjo\u0161kolaca, u pozori\u0161noj radionici, tokom improvizacija, kad smo Boga iznova stavili pred odluku da zatre svet, \u010duli smo da govori slede\u0107e:<\/p>\n<p>\u017delim da izbri\u0161em \u010dove\u010danstvo jer je postalo previ\u0161e pohlepno.<\/p>\n<p>Ja, Bog, preispitivala sam svoje odluke, i najpre sam mislila da je \u010dove\u010danstvo koje sam stvorila nezahvalno i da \u0107u da ga satrem, ali sam se zatim trgnula i rekla sebi: \u201eTi si Bog! Ti pra\u0161ta\u0161. To je tvoja uloga.\u201c (Onaj papa koji se usudio da usklikne: \u201eBog je Majka\u201c, na papskom je tronu izbrojao 33 dana dok po njega nisu do\u0161li da ga izjutra mrtvog probude \u2013 prim. aut.)<\/p>\n<p>Srbi su vite\u0161ki narod, njihova genetika je plemenita. Srbi su jedini narod na planeti koji po\u0161tuje Boga onakvog kakav on doista jeste. Zato, ostavi\u0107u samo Srbe, a sve \u0107u druge pretvoriti u prah. Jer mali Srbin odmalena vidi svoga boga.<\/p>\n<p>Samo muslimani treba da ostanu na svetu, jer su oni najpravi\u010dniji. Muslimani imaju najbolju predstavu o meni. Ona je budu\u0107nost \u010dove\u010danstva.<\/p>\n<p>Ja, Bog, odlu\u010dio sam da na zemlji ostavim samo Jevreje, zato \u0161to su oni najvi\u0161e propatili za trajanja ovog sveta. I zato \u0161to se oni nisu polakomili na Hristosa, nego veruju da moj Sin tek treba da do\u0111e.<\/p>\n<p>Ja, Bog Otac, na svetu \u0107u ostaviti samo heteroseksualne, zato \u0161to samo oni mogu da daju potomstvo, a homoseksualni su \u0111avolja tvorevina, jer ne vole od sebe razli\u010dito, nego sebi sli\u010dno, a ja sam predvideo suprotno od toga, i zato sam stvorio Adama i Evu, a nisam Adamu pridodao jo\u0161 jednog mu\u0161karca. Ali, ja sam Bog Sin, i ja mogu da mislim druk\u010dije. Homoseksualni ljudi ne\u0107e stvarati razmirice u budu\u0107nosti. Kod njih deca ne mogu nastati slu\u010dajno, kako se to u 94% slu\u010dajeva de\u0161ava kod heteroseksualnih parova, koji ne planiraju za\u010de\u0107e svoje dece. Odatle potom svi problemi sveta. Kod homoseksualnih u bra\u010dnoj zajednici nema ne\u017eeljene dece! Zato \u0107u samo njih ostaviti u \u017eivotu.<\/p>\n<p>Ja, Bog, re\u0161io sam da ostavim na svetu samo milijardere, jer njih smatram jedino sposobnima da ovaj svet poprave. Jedino oni imaju \u010dime to da u\u010dine.<\/p>\n<p>Ja, Bog, odlu\u010dujem da spasim samo besku\u0107nike na ovoj planeti. Oni su podneli svu nepravdu ovog sveta. Ostali nisu po\u0161tovali bli\u017enjeg svoga, samo su gledali sebe. Zato \u0107u im seme izbrisati.<\/p>\n<p>Ja, Bog, odlu\u010dujem da uni\u0161tim sve sve\u0161tenike i sve hramove, zato \u0161to su sve te sinagoge, crkve, d\u017eamije i \u0161ta-ti-ja-tome-sli\u010dno-sve-znam postale uto\u010di\u0161te u grehu najokorelijima.<\/p>\n<p>Ja, Bog, odlu\u010dujem da spasim na svetu samo decu mla\u0111u od sedam godina, zato \u0161to su oni u toj dobi apsolutno neiskvareni, i zato \u0161to \u0107e, ukoliko rastu bez takozvane nege odraslih, bez takozvane ljubavi roditelja, mo\u0107i da stasaju u ljude po mom podobiju.<\/p>\n<p>Ja, Bog, kojeg zovete Ljubav, ostavi\u0107u na svetu samo one koji istinski vole, jer samo od njih mogu da nastanu oni koji mogu da vole.<\/p>\n<p>Ja, Bog, ostavljam na zemlji samo pijane, zato \u0161to sam, najzad, shvatio da samo pijan \u010dovek govori iskreno, \u010dak i kad je agresivan. Pijane treba sa\u010duvati, nek se mno\u017ee na ovom svetu!<\/p>\n<p>Ja, Bog, na kraj pameti odlu\u010dujem da na svetu ostavim samo one koji su iz \u0161kola izba\u010deni. Jer je moja du\u017enost da mislim kao Bog, a ne kao \u010dovek. Obrazovni sistem je gomorska bludnica, iskvaren toliko da samo oni koji su od njega odba\u010deni \u2013 vrede. Oni ne uve\u017ebavaju gre\u0161ke, niti se ve\u017ebavaju da govore la\u017ei sa uverenjem da \u010dine ono \u0161to je najbolje. Samo oni koji su izba\u010deni iz \u0161kola mo\u0107i \u0107e da stvore civilizaciju bolju od ove koja jede svoju decu.<\/p>\n<p><a href=\"https:\/\/www.danas.rs\/kolumna\/zlatko-pakovic\/halo-govori-bog\/\">Danas<\/a><\/p>\n","protected":false},"excerpt":{"rendered":"<p>Ja, Bog, na kraj pameti odlu\u010dujem da na svetu ostavim samo one koji su iz \u0161kola izba\u010deni. Jer je moja du\u017enost da mislim kao Bog, a ne kao \u010dovek<\/p>\n","protected":false},"author":1,"featured_media":0,"comment_status":"open","ping_status":"closed","sticky":false,"template":"","format":"standard","meta":{"_seopress_robots_primary_cat":"","_seopress_titles_title":"","_seopress_titles_desc":"","_seopress_robots_index":"","_et_pb_use_builder":"","_et_pb_old_content":"","_et_gb_content_width":"","inline_featured_image":false,"footnotes":""},"categories":[5],"tags":[],"class_list":["post-268036","post","type-post","status-publish","format-standard","hentry","category-drugi-pisu"],"_links":{"self":[{"href":"https:\/\/www.pcnen.com\/portal\/wp-json\/wp\/v2\/posts\/268036","targetHints":{"allow":["GET"]}}],"collection":[{"href":"https:\/\/www.pcnen.com\/portal\/wp-json\/wp\/v2\/posts"}],"about":[{"href":"https:\/\/www.pcnen.com\/portal\/wp-json\/wp\/v2\/types\/post"}],"author":[{"embeddable":true,"href":"https:\/\/www.pcnen.com\/portal\/wp-json\/wp\/v2\/users\/1"}],"replies":[{"embeddable":true,"href":"https:\/\/www.pcnen.com\/portal\/wp-json\/wp\/v2\/comments?post=268036"}],"version-history":[{"count":0,"href":"https:\/\/www.pcnen.com\/portal\/wp-json\/wp\/v2\/posts\/268036\/revisions"}],"wp:attachment":[{"href":"https:\/\/www.pcnen.com\/portal\/wp-json\/wp\/v2\/media?parent=268036"}],"wp:term":[{"taxonomy":"category","embeddable":true,"href":"https:\/\/www.pcnen.com\/portal\/wp-json\/wp\/v2\/categories?post=268036"},{"taxonomy":"post_tag","embeddable":true,"href":"https:\/\/www.pcnen.com\/portal\/wp-json\/wp\/v2\/tags?post=268036"}],"curies":[{"name":"wp","href":"https:\/\/api.w.org\/{rel}","templated":true}]}}