{"id":268023,"date":"2019-06-14T15:49:24","date_gmt":"2019-06-14T13:49:24","guid":{"rendered":"http:\/\/www.pcnen.com\/portal\/?p=268023"},"modified":"2019-06-14T15:49:24","modified_gmt":"2019-06-14T13:49:24","slug":"mitropolija-poziva-i-napominje","status":"publish","type":"post","link":"https:\/\/www.pcnen.com\/portal\/2019\/06\/14\/mitropolija-poziva-i-napominje\/","title":{"rendered":"Mitropolija poziva i napominje"},"content":{"rendered":"<p><img loading=\"lazy\" decoding=\"async\" class=\"size-full wp-image-196520 alignleft\" src=\"http:\/\/www.pcnen.com\/portal\/wp-content\/uploads\/2016\/01\/mitropolija-logo.jpg\" alt=\"\" width=\"229\" height=\"262\" \/>Mitropolija crnogorsko-primorska je danas pozvala \u201csve pravoslavne vjernike i sve ljude dobre volje, kojima su istina i pravda na srcu\u201c, da se sjutra okupe na Troji\u010dindanski sabor pred Sabornim hramom Hristovog Vaskrsenja u Podgorici. U saop\u0161tenju je, osim poziva, navedeno \u201cpar va\u017enih napomena\u201c.<\/p>\n<blockquote><p>\u201cBudu\u0107i da \u0107e se sjutra slu\u017eiti Sveta Liturgija, treba da se zna da Svetom Pri\u010de\u0161\u0107u na sjutra\u0161njoj Liturgiji mogu pristupiti samo oni koji su kr\u0161teni u Pravoslavnoj Crkvi, koji se trude da \u017eive \u017eivotom Crkve i koji su postili trodnevni post, na koji su svi vjerni bili pozvani uo\u010di Sabora.<\/p>\n<p>Tako\u0111e, napominju\u0107i da su na Sabor dobrodo\u0161li svi koji \u017eele da se pomole i zauzmu jasan stav za odbranu svetinja Bo\u017eijih i umno\u017eenje bratske ljubavi, blagodare\u0107i svim politi\u010dkim i drugim organizacijama i pojedincima koji su izrazili zabrinutost i spremnost da u\u010destvuju na Saboru, podsje\u0107amo da Sabor nije mjesto ni za kakve ideolo\u0161ke, politi\u010dke ili nacionalne simbole ili parole \u2013 neka se tokom Sabora vijore samo crkveni barjaci i litije i neka se \u010duju samo molitve i rije\u010di uzdanja u Boga, koje \u0107e najbolje pokazati na\u0161u odlu\u010dnost da svetinje branimo i odbranimo uz pomo\u0107 Bo\u017eiju u miru i bratskoj ljubavi. Crkva okuplja, a ne razjedinjuje, i to sve vjerne bez razlike. \u041aako ka\u017ee Apostol Pavle: \u201dNema vi\u0161e Judejca ni Jelina, nema vi\u0161e roba ni slobodnoga, nema vi\u0161e mu\u0161kog ni \u017eenskog, jer ste vi svi jedan (\u010dovjek) u Hristu Isusu.\u201d Crkva je po svojoj prirodi Sabor \u2013 Sabor Boga i ljudi, Sabor ljudi me\u0111u sobom, Sabor Neba i Zemlje i ona to treba i da ostane, a nikada da postane slu\u0161kinja bilo koje dr\u017eave, nacije ili ideologije. Samo ako je takva \u2013 ona je slobodna. Stavi li se u slu\u017ebu bilo kojeg trule\u017enog zemaljskog ideala, ma kakav da je \u2013 gubi svoju jevan\u0111elsku snagu i izdaje vjernost Bogu \u017eivome i svoju misiju spasenja \u010dovjeka i svijeta.<\/p>\n<p>Iako zapanjeni svim neistinama i uvredama koje se ovih dana pi\u0161u i govore u, odavno nezapam\u0107enoj, anticrkvenoj medijskoj kampanji, ne treba da se smu\u0107ujemo. Sve se de\u0161ava po rije\u010di Gospodnjoj: &#8216;Ako mene goni\u0161e i Vas \u0107e goniti\u2026 Ali sve \u0107e vam ovo \u010diniti zbog imena mojega, jer ne poznaju Onoga koji me posla.&#8217; Bog nije nikad bio u sili, nego je uvijek i svugdje Bog u pravdi. Samo to \u0107emo na Saboru i da tra\u017eimo\u00a0 \u2013 pravdu Bo\u017eiju i pravdu ljudsku za na\u0161u Crkvu, za na\u0161e svetinje, za na\u0161e hramove, manastire i grobove predaka.<\/p>\n<p>Sjutra budimo svi zajedno u molitvi protiv bezakonja i odlu\u010dno za odbranu svetinje, bratsko pomirenje i iscjeljenje bratomr\u017enje koja truje Crnu Goru, zaogrnuti vjerom, nadom i ljubavlju \u0161alju\u0107i jasnu poruku da je jedini pravi put \u2013 put bogoljublja i bratoljublja\u201c.<\/p><\/blockquote>\n","protected":false},"excerpt":{"rendered":"<p>Mitropolija crnogorsko-primorska je danas pozvala \u201csve pravoslavne vjernike i sve ljude dobre volje, kojima su istina i pravda na srcu\u201c, da se sjutra okupe na Troji\u010dindanski sabor pred Sabornim hramom Hristovog Vaskrsenja u Podgorici. U saop\u0161tenju je, osim poziva, navedeno \u201cpar va\u017enih napomena\u201c. \u201cBudu\u0107i da \u0107e se sjutra slu\u017eiti Sveta Liturgija, treba da se zna [&hellip;]<\/p>\n","protected":false},"author":1,"featured_media":0,"comment_status":"open","ping_status":"closed","sticky":false,"template":"","format":"standard","meta":{"_seopress_robots_primary_cat":"","_seopress_titles_title":"","_seopress_titles_desc":"","_seopress_robots_index":"","_et_pb_use_builder":"","_et_pb_old_content":"","_et_gb_content_width":"","inline_featured_image":false,"footnotes":""},"categories":[14,12],"tags":[],"class_list":["post-268023","post","type-post","status-publish","format-standard","hentry","category-vijesti","category-prica-dana"],"_links":{"self":[{"href":"https:\/\/www.pcnen.com\/portal\/wp-json\/wp\/v2\/posts\/268023","targetHints":{"allow":["GET"]}}],"collection":[{"href":"https:\/\/www.pcnen.com\/portal\/wp-json\/wp\/v2\/posts"}],"about":[{"href":"https:\/\/www.pcnen.com\/portal\/wp-json\/wp\/v2\/types\/post"}],"author":[{"embeddable":true,"href":"https:\/\/www.pcnen.com\/portal\/wp-json\/wp\/v2\/users\/1"}],"replies":[{"embeddable":true,"href":"https:\/\/www.pcnen.com\/portal\/wp-json\/wp\/v2\/comments?post=268023"}],"version-history":[{"count":0,"href":"https:\/\/www.pcnen.com\/portal\/wp-json\/wp\/v2\/posts\/268023\/revisions"}],"wp:attachment":[{"href":"https:\/\/www.pcnen.com\/portal\/wp-json\/wp\/v2\/media?parent=268023"}],"wp:term":[{"taxonomy":"category","embeddable":true,"href":"https:\/\/www.pcnen.com\/portal\/wp-json\/wp\/v2\/categories?post=268023"},{"taxonomy":"post_tag","embeddable":true,"href":"https:\/\/www.pcnen.com\/portal\/wp-json\/wp\/v2\/tags?post=268023"}],"curies":[{"name":"wp","href":"https:\/\/api.w.org\/{rel}","templated":true}]}}