{"id":268004,"date":"2019-06-14T11:29:54","date_gmt":"2019-06-14T09:29:54","guid":{"rendered":"http:\/\/www.pcnen.com\/portal\/?p=268004"},"modified":"2019-06-14T15:24:15","modified_gmt":"2019-06-14T13:24:15","slug":"svajcarska-zene-strajkuju-traze-jednakost-u-zaradama","status":"publish","type":"post","link":"https:\/\/www.pcnen.com\/portal\/2019\/06\/14\/svajcarska-zene-strajkuju-traze-jednakost-u-zaradama\/","title":{"rendered":"\u0160vajcarska: \u017dene \u0161trajkuju, tra\u017ee jednakost u zaradama"},"content":{"rendered":"<p style=\"text-align: left;\"><img loading=\"lazy\" decoding=\"async\" class=\" wp-image-168299 alignleft\" src=\"http:\/\/www.pcnen.com\/portal\/wp-content\/uploads\/2015\/01\/feminizam.jpg\" alt=\"\" width=\"216\" height=\"162\" \/>\u017dene \u0161irom \u0160vajcarske stupile su danas u \u0161trajk i organizuju demonstracije sa zahtjevom da budu po\u0161tenije pla\u0107ene i ravnopravne sa mu\u0161karcima, kao i da bude manje seksualnog maltretiranja i nasilja.<\/p>\n<p>Ovo je prvi ovakav protest u \u0160vajcarskoj u posljednjih 28 godina.<\/p>\n<p>Organizatori protesta najavili su da \u0107e zahtjevi biti jasno istaknuti tokom jutarnje gu\u017eve na \u017eeljezni\u010dim stanicama, u kancelarijama i na ostalim javnim mjestima, prenio je AP.<\/p>\n<p>Pristalice protesta nadaju se da \u0107e se omasoviti takozvani &#8220;ljubi\u010dasti talas&#8221;, nazvan po usvojenom simbolu pokreta &#8211; stisnutoj ljubi\u010dastoj pesnici unutar znaka Venere, prenosi Srna.<\/p>\n<p>U korijenu \u0161trajka je nezadovoljstvo zbog seksizma i nejednakosti na radnom mjestu. Mnogi \u017eele ve\u0107e plate specifi\u010dno za doma\u0107e radnike, nastavnike i njegovatelje, odnosno profesije kojim se bave uglavnom \u017eene.<\/p>\n","protected":false},"excerpt":{"rendered":"<p>\u017dene \u0161irom \u0160vajcarske stupile su danas u \u0161trajk i organizuju demonstracije sa zahtjevom da budu po\u0161tenije pla\u0107ene i ravnopravne sa mu\u0161karcima, kao i da bude manje seksualnog maltretiranja i nasilja. Ovo je prvi ovakav protest u \u0160vajcarskoj u posljednjih 28 godina. Organizatori protesta najavili su da \u0107e zahtjevi biti jasno istaknuti tokom jutarnje gu\u017eve na [&hellip;]<\/p>\n","protected":false},"author":1,"featured_media":0,"comment_status":"open","ping_status":"closed","sticky":false,"template":"","format":"standard","meta":{"_seopress_robots_primary_cat":"","_seopress_titles_title":"","_seopress_titles_desc":"","_seopress_robots_index":"","_et_pb_use_builder":"","_et_pb_old_content":"","_et_gb_content_width":"","inline_featured_image":false,"footnotes":""},"categories":[14,12],"tags":[],"class_list":["post-268004","post","type-post","status-publish","format-standard","hentry","category-vijesti","category-prica-dana"],"_links":{"self":[{"href":"https:\/\/www.pcnen.com\/portal\/wp-json\/wp\/v2\/posts\/268004","targetHints":{"allow":["GET"]}}],"collection":[{"href":"https:\/\/www.pcnen.com\/portal\/wp-json\/wp\/v2\/posts"}],"about":[{"href":"https:\/\/www.pcnen.com\/portal\/wp-json\/wp\/v2\/types\/post"}],"author":[{"embeddable":true,"href":"https:\/\/www.pcnen.com\/portal\/wp-json\/wp\/v2\/users\/1"}],"replies":[{"embeddable":true,"href":"https:\/\/www.pcnen.com\/portal\/wp-json\/wp\/v2\/comments?post=268004"}],"version-history":[{"count":0,"href":"https:\/\/www.pcnen.com\/portal\/wp-json\/wp\/v2\/posts\/268004\/revisions"}],"wp:attachment":[{"href":"https:\/\/www.pcnen.com\/portal\/wp-json\/wp\/v2\/media?parent=268004"}],"wp:term":[{"taxonomy":"category","embeddable":true,"href":"https:\/\/www.pcnen.com\/portal\/wp-json\/wp\/v2\/categories?post=268004"},{"taxonomy":"post_tag","embeddable":true,"href":"https:\/\/www.pcnen.com\/portal\/wp-json\/wp\/v2\/tags?post=268004"}],"curies":[{"name":"wp","href":"https:\/\/api.w.org\/{rel}","templated":true}]}}