{"id":267937,"date":"2019-06-13T12:54:42","date_gmt":"2019-06-13T10:54:42","guid":{"rendered":"http:\/\/www.pcnen.com\/portal\/?p=267937"},"modified":"2019-06-13T14:24:24","modified_gmt":"2019-06-13T12:24:24","slug":"britanija-potpisala-zahtjev-za-izrucenje-asanza","status":"publish","type":"post","link":"https:\/\/www.pcnen.com\/portal\/2019\/06\/13\/britanija-potpisala-zahtjev-za-izrucenje-asanza\/","title":{"rendered":"Britanija potpisala zahtjev za izru\u010denje Asan\u017ea"},"content":{"rendered":"<p><img loading=\"lazy\" decoding=\"async\" src=\"http:\/\/www.pcnen.com\/portal\/wp-content\/uploads\/2019\/05\/asandz-300x205.jpg\" alt=\"\" width=\"300\" height=\"205\" class=\"alignright size-medium wp-image-265293\" \/>Britanski ministar unutra\u0161njih poslova Sad\u017eid D\u017david potvrdio je da je potpisao zahtjev SAD o izru\u010denju osniva\u010da VikiLeaksa D\u017eulijana Asan\u017ea.<\/p>\n<p>On je tokom gostovanja u emisiji radija BBC rekao da je Asan\u017e &#8220;pravedno iza re\u0161etaka&#8221;.<\/p>\n<p>&#8220;Zahtjev SAD o izru\u010denju \u0107e se sutra na\u0107i pred sudom, ali sam ju\u010de potpisao i sertifikovao odredbu o izru\u010denju, koja \u0107e se tako\u0111e na\u0107i sutra na sudu&#8221;, istakao je D\u017eavid, prenosi Srna.<\/p>\n<p>Prema rije\u010dima D\u017eavida, iako \u0107e sud na kraju odlu\u010diti o sudbini Asan\u017ea, u tome u velikom dijelu u\u010destvuje ministar unutra\u0161njih poslova.<\/p>\n<p>D\u017eavid je istakao da \u017eeli da vidi izvr\u0161enje pravde na vrijeme i da je London primio zakonit zahtjev o izru\u010denju, koji je on potpisao.<\/p>\n<p>Asan\u017e je u SAD optu\u017een zbog objavljivanja povjerljivih dr\u017eavnih informacija i prijeti mu do 175 godina zatvora.<\/p>\n<p>Osniva\u010d VikiLeaksa trenutno se nalazi u zatvoru u Londonu, na odslu\u017eenju kazne u trajanju od 50 sedmica zbog nepo\u0161tovanja uslova kaucije iz 2012. godine.<\/p>\n","protected":false},"excerpt":{"rendered":"<p>Britanski ministar unutra\u0161njih poslova Sad\u017eid D\u017david potvrdio je da je potpisao zahtjev SAD o izru\u010denju osniva\u010da VikiLeaksa D\u017eulijana Asan\u017ea. On je tokom gostovanja u emisiji radija BBC rekao da je Asan\u017e &#8220;pravedno iza re\u0161etaka&#8221;. &#8220;Zahtjev SAD o izru\u010denju \u0107e se sutra na\u0107i pred sudom, ali sam ju\u010de potpisao i sertifikovao odredbu o izru\u010denju, koja \u0107e [&hellip;]<\/p>\n","protected":false},"author":1,"featured_media":0,"comment_status":"open","ping_status":"closed","sticky":false,"template":"","format":"standard","meta":{"_seopress_robots_primary_cat":"","_seopress_titles_title":"","_seopress_titles_desc":"","_seopress_robots_index":"","_et_pb_use_builder":"","_et_pb_old_content":"","_et_gb_content_width":"","inline_featured_image":false,"footnotes":""},"categories":[14,12],"tags":[],"class_list":["post-267937","post","type-post","status-publish","format-standard","hentry","category-vijesti","category-prica-dana"],"_links":{"self":[{"href":"https:\/\/www.pcnen.com\/portal\/wp-json\/wp\/v2\/posts\/267937","targetHints":{"allow":["GET"]}}],"collection":[{"href":"https:\/\/www.pcnen.com\/portal\/wp-json\/wp\/v2\/posts"}],"about":[{"href":"https:\/\/www.pcnen.com\/portal\/wp-json\/wp\/v2\/types\/post"}],"author":[{"embeddable":true,"href":"https:\/\/www.pcnen.com\/portal\/wp-json\/wp\/v2\/users\/1"}],"replies":[{"embeddable":true,"href":"https:\/\/www.pcnen.com\/portal\/wp-json\/wp\/v2\/comments?post=267937"}],"version-history":[{"count":0,"href":"https:\/\/www.pcnen.com\/portal\/wp-json\/wp\/v2\/posts\/267937\/revisions"}],"wp:attachment":[{"href":"https:\/\/www.pcnen.com\/portal\/wp-json\/wp\/v2\/media?parent=267937"}],"wp:term":[{"taxonomy":"category","embeddable":true,"href":"https:\/\/www.pcnen.com\/portal\/wp-json\/wp\/v2\/categories?post=267937"},{"taxonomy":"post_tag","embeddable":true,"href":"https:\/\/www.pcnen.com\/portal\/wp-json\/wp\/v2\/tags?post=267937"}],"curies":[{"name":"wp","href":"https:\/\/api.w.org\/{rel}","templated":true}]}}