{"id":267928,"date":"2019-06-13T11:35:19","date_gmt":"2019-06-13T09:35:19","guid":{"rendered":"http:\/\/www.pcnen.com\/portal\/?p=267928"},"modified":"2019-06-13T11:45:50","modified_gmt":"2019-06-13T09:45:50","slug":"novi-incident-u-omanskom-zalivu","status":"publish","type":"post","link":"https:\/\/www.pcnen.com\/portal\/2019\/06\/13\/novi-incident-u-omanskom-zalivu\/","title":{"rendered":"Novi incident u Omanskom zalivu"},"content":{"rendered":"<p><img loading=\"lazy\" decoding=\"async\" class=\"size-medium wp-image-267929 alignleft\" src=\"http:\/\/www.pcnen.com\/portal\/wp-content\/uploads\/2019\/06\/omanski-zaliv-300x212.jpg\" alt=\"\" width=\"300\" height=\"212\" srcset=\"https:\/\/www.pcnen.com\/portal\/wp-content\/uploads\/2019\/06\/omanski-zaliv.jpg 300w, https:\/\/www.pcnen.com\/portal\/wp-content\/uploads\/2019\/06\/omanski-zaliv-235x166.jpg 235w, https:\/\/www.pcnen.com\/portal\/wp-content\/uploads\/2019\/06\/omanski-zaliv-75x53.jpg 75w, https:\/\/www.pcnen.com\/portal\/wp-content\/uploads\/2019\/06\/omanski-zaliv-220x155.jpg 220w, https:\/\/www.pcnen.com\/portal\/wp-content\/uploads\/2019\/06\/omanski-zaliv-90x65.jpg 90w\" sizes=\"(max-width: 300px) 100vw, 300px\" \/>U Omanskom zalivu rano jutros izveden je napad na jedan ili dvatankera koji prevoze naftu, javljaju inostrani mediji.<\/p>\n<p>Norve\u0161ka brodska kompanija &#8220;Frontlajn&#8221; je potvrdila da se njen naftni tanker &#8220;Front Alter&#8221; zapalio nakon incidenta u Omanskom zalivu,<a href=\"https:\/\/twitter.com\/Conflicts\"> prenose dru\u0161tvene mre\u017ee.<\/a><\/p>\n<p>Menad\u017eer BSM je izjavio da je tanker &#8220;Kokuka Kurejd\u017ees&#8221; o\u0161te\u0107en danas u incidentu u Omanskom zalivu.<\/p>\n<p>Radi se o tankeru pod zastavom Mar\u0161alovih ostrva (Front Altair) i pod zastavom Paname (Kokuka Courageous).<\/p>\n<p>Jedan \u010dlan posade je lak\u0161e povrije\u0111en.<\/p>\n<p>Britanska pomorska slu\u017eba, koju vodi Kraljevska mornarica, poslala je upozorenje na &#8220;nespecifi\u010dan incident u omanskom zalivu. Ta slu\u017eba je, ujedno, poslala i upozorenje svojim brodovima koji plove u tim vodama na ekstreman oprez, tim prije \u0161to se nisu sti\u0161ale tenzije izme\u0111u SAD i Irana.<\/p>\n<p>Za jedan raniji napad na tenkere, SAD su optu\u017eile Iran.<\/p>\n","protected":false},"excerpt":{"rendered":"<p>U Omanskom zalivu rano jutros izveden je napad na jedan ili dvatankera koji prevoze naftu, javljaju inostrani mediji. Norve\u0161ka brodska kompanija &#8220;Frontlajn&#8221; je potvrdila da se njen naftni tanker &#8220;Front Alter&#8221; zapalio nakon incidenta u Omanskom zalivu, prenose dru\u0161tvene mre\u017ee. Menad\u017eer BSM je izjavio da je tanker &#8220;Kokuka Kurejd\u017ees&#8221; o\u0161te\u0107en danas u incidentu u Omanskom [&hellip;]<\/p>\n","protected":false},"author":1,"featured_media":267929,"comment_status":"open","ping_status":"closed","sticky":false,"template":"","format":"standard","meta":{"_seopress_robots_primary_cat":"","_seopress_titles_title":"","_seopress_titles_desc":"","_seopress_robots_index":"","_et_pb_use_builder":"","_et_pb_old_content":"","_et_gb_content_width":"","inline_featured_image":false,"footnotes":""},"categories":[14,12],"tags":[],"class_list":["post-267928","post","type-post","status-publish","format-standard","has-post-thumbnail","hentry","category-vijesti","category-prica-dana"],"_links":{"self":[{"href":"https:\/\/www.pcnen.com\/portal\/wp-json\/wp\/v2\/posts\/267928","targetHints":{"allow":["GET"]}}],"collection":[{"href":"https:\/\/www.pcnen.com\/portal\/wp-json\/wp\/v2\/posts"}],"about":[{"href":"https:\/\/www.pcnen.com\/portal\/wp-json\/wp\/v2\/types\/post"}],"author":[{"embeddable":true,"href":"https:\/\/www.pcnen.com\/portal\/wp-json\/wp\/v2\/users\/1"}],"replies":[{"embeddable":true,"href":"https:\/\/www.pcnen.com\/portal\/wp-json\/wp\/v2\/comments?post=267928"}],"version-history":[{"count":0,"href":"https:\/\/www.pcnen.com\/portal\/wp-json\/wp\/v2\/posts\/267928\/revisions"}],"wp:featuredmedia":[{"embeddable":true,"href":"https:\/\/www.pcnen.com\/portal\/wp-json\/wp\/v2\/media\/267929"}],"wp:attachment":[{"href":"https:\/\/www.pcnen.com\/portal\/wp-json\/wp\/v2\/media?parent=267928"}],"wp:term":[{"taxonomy":"category","embeddable":true,"href":"https:\/\/www.pcnen.com\/portal\/wp-json\/wp\/v2\/categories?post=267928"},{"taxonomy":"post_tag","embeddable":true,"href":"https:\/\/www.pcnen.com\/portal\/wp-json\/wp\/v2\/tags?post=267928"}],"curies":[{"name":"wp","href":"https:\/\/api.w.org\/{rel}","templated":true}]}}