{"id":267924,"date":"2019-06-13T11:05:22","date_gmt":"2019-06-13T09:05:22","guid":{"rendered":"http:\/\/www.pcnen.com\/portal\/?p=267924"},"modified":"2019-06-13T11:14:36","modified_gmt":"2019-06-13T09:14:36","slug":"biciklom-uz-savu-staza-duga-121-km","status":"publish","type":"post","link":"https:\/\/www.pcnen.com\/portal\/2019\/06\/13\/biciklom-uz-savu-staza-duga-121-km\/","title":{"rendered":"Biciklom uz Savu \u2013 staza duga 121 km"},"content":{"rendered":"<p><img loading=\"lazy\" decoding=\"async\" class=\"alignright size-medium wp-image-207181\" src=\"http:\/\/www.pcnen.com\/portal\/wp-content\/uploads\/2016\/06\/voznja-biciklom-300x210.jpg\" alt=\"\" width=\"300\" height=\"210\" \/>Biciklisti\u010dka staza duga 121 km, ta\u010dnije &#8211; biciklisti\u010dki autoput koji prati tok rijeke Save od slovena\u010dke granice, pa sve do Lijevog Dubrov\u010daka, bi\u0107e izgra\u0111en u sklopu infrastrukturnoga projekta kojemu je cilj promocija odr\u017eive urbane mobilnosti, lokalnih ljepota i aktivnoga turizma, <a href=\"http:\/\/www.poslovni.hr\/hrvatska\/uz-rijeku-savu-gradi-se-biciklisticki-autoput-dug-121-kilometar-354329\">prenosi Poslovni.hr.<\/a><\/p>\n<p>Evropska unija \u0107e finansirati 85% projekta, a 15 posto zajedni\u010dki pla\u0107aju Grad Zagreb i Zagreba\u010dka \u017eupanija.<\/p>\n<p>Zeleni put (Greenway) \u0107e, kako se procjenjuje, biti ura\u0111en u narednih 4 &#8211; 5 godina.<\/p>\n","protected":false},"excerpt":{"rendered":"<p>Evropska unija \u0107e finansirati 85% projekta<\/p>\n","protected":false},"author":1,"featured_media":0,"comment_status":"open","ping_status":"closed","sticky":false,"template":"","format":"standard","meta":{"_seopress_robots_primary_cat":"","_seopress_titles_title":"","_seopress_titles_desc":"","_seopress_robots_index":"","_et_pb_use_builder":"","_et_pb_old_content":"","_et_gb_content_width":"","inline_featured_image":false,"footnotes":""},"categories":[14,12],"tags":[],"class_list":["post-267924","post","type-post","status-publish","format-standard","hentry","category-vijesti","category-prica-dana"],"_links":{"self":[{"href":"https:\/\/www.pcnen.com\/portal\/wp-json\/wp\/v2\/posts\/267924","targetHints":{"allow":["GET"]}}],"collection":[{"href":"https:\/\/www.pcnen.com\/portal\/wp-json\/wp\/v2\/posts"}],"about":[{"href":"https:\/\/www.pcnen.com\/portal\/wp-json\/wp\/v2\/types\/post"}],"author":[{"embeddable":true,"href":"https:\/\/www.pcnen.com\/portal\/wp-json\/wp\/v2\/users\/1"}],"replies":[{"embeddable":true,"href":"https:\/\/www.pcnen.com\/portal\/wp-json\/wp\/v2\/comments?post=267924"}],"version-history":[{"count":0,"href":"https:\/\/www.pcnen.com\/portal\/wp-json\/wp\/v2\/posts\/267924\/revisions"}],"wp:attachment":[{"href":"https:\/\/www.pcnen.com\/portal\/wp-json\/wp\/v2\/media?parent=267924"}],"wp:term":[{"taxonomy":"category","embeddable":true,"href":"https:\/\/www.pcnen.com\/portal\/wp-json\/wp\/v2\/categories?post=267924"},{"taxonomy":"post_tag","embeddable":true,"href":"https:\/\/www.pcnen.com\/portal\/wp-json\/wp\/v2\/tags?post=267924"}],"curies":[{"name":"wp","href":"https:\/\/api.w.org\/{rel}","templated":true}]}}