{"id":267891,"date":"2019-06-12T19:20:18","date_gmt":"2019-06-12T17:20:18","guid":{"rendered":"http:\/\/www.pcnen.com\/portal\/?p=267891"},"modified":"2019-06-12T19:20:18","modified_gmt":"2019-06-12T17:20:18","slug":"medenica-i-zvanicno-jedna-jedina","status":"publish","type":"post","link":"https:\/\/www.pcnen.com\/portal\/2019\/06\/12\/medenica-i-zvanicno-jedna-jedina\/","title":{"rendered":"Medenica i zvani\u010dno jedna jedina"},"content":{"rendered":"<p><img loading=\"lazy\" decoding=\"async\" class=\" wp-image-267111 alignleft\" src=\"http:\/\/www.pcnen.com\/portal\/wp-content\/uploads\/2019\/05\/Vesna-medenica-300x299.jpg\" alt=\"\" width=\"227\" height=\"226\" \/>Vesna Medenica, aktuelna predsjednica Vrhovnog suda Crne Gore, kojoj isti\u010de drugi mandat, jedina je kandidatkinja za du\u017enost na kojoj se nalazi, utvr\u0111eno je na dana\u0161njoj sjednici Sudskog savjeta.<\/p>\n<p>Medeni\u010dinu kandidaturu <a href=\"http:\/\/www.pcnen.com\/portal\/2019\/05\/31\/protivimo-se-takvom-tumacenju-ustava-crne-gore-i-zakona-o-sudskom-savjetu-i-sudijama\/\">osporava dio stru\u010dne i lai\u010dke javnosti<\/a>, tvrde\u0107i da se kr\u0161i Ustav Crne Gore.<\/p>\n<p>Oni koji tvrde suprotno pozivaju se na to da je prvi od dosada\u0161nja dva mandata Medenica potro\u0161ila prije va\u017ee\u0107eg zakona kojim je regulisan izbor prvih ljudi u crnogorskom pravosu\u0111u.<\/p>\n<p>Iako je upozoreno da ne postoji pravna procedura kojom mo\u017ee biti osporen izbor Medenice, budu\u0107i da bi to mogao u\u010diniti samo protivkandidat koga u ovom slu\u010daju nema, gra\u0111anski pokret &#8216;Odupri se&#8217; je ponovio da \u0107e, pozivaju\u0107i se na Ustav Crne Gore, osporavati budu\u0107i Medeni\u010din izbor za predsjednicu Vrhovnog suda Crn Gore.<\/p>\n<p>&#8220;Svako ima pravo na pravi\u010dno i javno su\u0111enje u razumnom roku pred nezavisnim, nepristranim i zakonom ostanovljenim sudom. Tako pi\u0161e u Ustavu. Ospori\u0107emo odluku Sudskog savjeta kojim je povrije\u0111eno na\u0161e pravo da imamo zakonom ustanovljen sud&#8221;, najavili su iz pokreta &#8216;Odupri se&#8217;.<\/p>\n","protected":false},"excerpt":{"rendered":"<p>Medeni\u010dinu kandidaturu za predsjednicu VSCG osporava dio stru\u010dne i lai\u010dke javnosti, tvrde\u0107i da se kr\u0161i Ustav<\/p>\n","protected":false},"author":1,"featured_media":0,"comment_status":"open","ping_status":"closed","sticky":false,"template":"","format":"standard","meta":{"_seopress_robots_primary_cat":"","_seopress_titles_title":"","_seopress_titles_desc":"","_seopress_robots_index":"","_et_pb_use_builder":"","_et_pb_old_content":"","_et_gb_content_width":"","inline_featured_image":false,"footnotes":""},"categories":[14,12],"tags":[],"class_list":["post-267891","post","type-post","status-publish","format-standard","hentry","category-vijesti","category-prica-dana"],"_links":{"self":[{"href":"https:\/\/www.pcnen.com\/portal\/wp-json\/wp\/v2\/posts\/267891","targetHints":{"allow":["GET"]}}],"collection":[{"href":"https:\/\/www.pcnen.com\/portal\/wp-json\/wp\/v2\/posts"}],"about":[{"href":"https:\/\/www.pcnen.com\/portal\/wp-json\/wp\/v2\/types\/post"}],"author":[{"embeddable":true,"href":"https:\/\/www.pcnen.com\/portal\/wp-json\/wp\/v2\/users\/1"}],"replies":[{"embeddable":true,"href":"https:\/\/www.pcnen.com\/portal\/wp-json\/wp\/v2\/comments?post=267891"}],"version-history":[{"count":0,"href":"https:\/\/www.pcnen.com\/portal\/wp-json\/wp\/v2\/posts\/267891\/revisions"}],"wp:attachment":[{"href":"https:\/\/www.pcnen.com\/portal\/wp-json\/wp\/v2\/media?parent=267891"}],"wp:term":[{"taxonomy":"category","embeddable":true,"href":"https:\/\/www.pcnen.com\/portal\/wp-json\/wp\/v2\/categories?post=267891"},{"taxonomy":"post_tag","embeddable":true,"href":"https:\/\/www.pcnen.com\/portal\/wp-json\/wp\/v2\/tags?post=267891"}],"curies":[{"name":"wp","href":"https:\/\/api.w.org\/{rel}","templated":true}]}}