{"id":267813,"date":"2019-06-11T18:13:04","date_gmt":"2019-06-11T16:13:04","guid":{"rendered":"http:\/\/www.pcnen.com\/portal\/?p=267813"},"modified":"2019-06-11T18:13:04","modified_gmt":"2019-06-11T16:13:04","slug":"dacic-dalje-ruke-od-srpskih-svetinja","status":"publish","type":"post","link":"https:\/\/www.pcnen.com\/portal\/2019\/06\/11\/dacic-dalje-ruke-od-srpskih-svetinja\/","title":{"rendered":"Da\u010di\u0107: Dalje ruke od srpskih svetinja"},"content":{"rendered":"<p><img loading=\"lazy\" decoding=\"async\" src=\"http:\/\/www.pcnen.com\/portal\/wp-content\/uploads\/2016\/08\/manastir-Ostrog-300x225.jpg\" alt=\"\" width=\"300\" height=\"225\" class=\"alignright size-medium wp-image-211633\" \/>&#8220;Crnogorci, pazite \u0161ta radite. Dalje ruke od srpskih svetinja. Znate kakvi su Srbi kad im neko dirne u svetinje&#8221;, kazao je ministar spoljnih poslova Srbije Ivica Da\u010di\u0107<a href=\"https:\/\/www.kurir.rs\/vesti\/politika\/3266105\/milo-branicemo-ostrog-oruzjem-dalje-ruke-od-nasih-svetinja-citajte-u-kuriru\"> za Kurir<\/a>. On je ovo rekao nakon \u0161to je Vlada Crne Gore usvojila predlog zakona kojim bi SPC mogla da ostane bez imovine.<\/p>\n<p>&#8220;Jo\u0161 jedan u nizu neracionalnih, nelogi\u010dnih i opasnih poteza politi\u010dkog establi\u0161tmenta u Podgorici. Poku\u0161avaju da izgrade svoj kvaziidentitet na utiranju tu\u0111eg, ali im to nikada uspjeti ne\u0107e. Svevi\u0161njeg \u0107e te\u0161ko ukinuti administrativnim mjerama&#8221;, kazao je, istim povodom, ministar u Vladi Srbije Branko Ru\u017ei\u0107.<\/p>\n<p>Poslanik vladaju\u0107e Srpske napredne stranke u Srbiji Vladimir \u0110ukanovi\u0107 je  poru\u010dio crnogorskom predsjedniku Milu \u0110ukanovi\u0107u da treba da bude svjestan da \u0107e Srbi, ukoliko bude potrebe, podi\u0107i oru\u017eje u odbrani svojih svetinja..<\/p>\n<p>&#8220;Mogli ste da vidite kad se branila krstionica na Miholjskoj prevlaci da Srbi nisu htjeli da daju da se ru\u0161i i da su spremni do posljednjeg daha da brane svetinje. Nadam se da \u0107e se neko u CG uzeti u pamet i re\u0107i: Nemoj ovo da radimo, to nije normalno\u201c. Svetinje na\u0161e \u0107emo morati da branimo i on mora da bude svjestan da \u0107e se Srbi tamo i na oru\u017eje podi\u0107i ako bude trebalo&#8221;, izjavio je on. <\/p>\n<p>Reagovala je i podpredsjednica Vlade Srbije Zorana Mihajlovi\u0107, koja je istakla da ve\u0107 dugo traje podrivanje svega \u0161to je srpsko u Crnoj Gori.<\/p>\n<p>&#8220;\u010cinjenica je da srpskom narodu u CG nije lako i da ve\u0107 dugo traje podrivanje svega \u0161to je srpski identitet u toj zemlji, \u0161to mislim da mnogo govori o samoj Crnoj Gori. Rje\u0161enje uvek mo\u017ee da se na\u0111e ako se to \u017eeli. Uvijek apelujem na po\u0161tovanje i kompromis&#8221;, navela je ona.<\/p>\n<p>Vjerski analiti\u010dar \u017deljko Injac upozorava da je situacija kriti\u010dna, te da ne treba isklju\u010diti mogu\u0107nost da do\u0111e do sukoba.<\/p>\n<p>&#8220;Trideset odsto ljudi u Crnoj Gori se izja\u0161njava kao Srbi, a jo\u0161 je vi\u0161e ljudi koji su pripadnici Mitropolije, bar 50 odsto njih. To mo\u017ee da izazove ozbiljne podjele i sukobe. Ne treba isklju\u010diti mogu\u0107nost da do\u0111e do sukoba&#8221;, ka\u017ee Injac i poja\u0161njava da \u0107e se pomenutim predlogom zakona tra\u017eiti dokaz za svu crkvenu imovinu da je u vlasni\u0161tvu Mitropolije.<\/p>\n<p>&#8220;Za ve\u0107inu svetinja SPC ima tapije, ali vlast to ne priznaje jer smatra da su u vrijeme Knja\u017eevine CG vjerski objekti bili u vlasni\u0161tvu dr\u017eave. Prije Drugog svjetskog rata, tre\u0107ina Crne Gore je bila u vlasni\u0161tvu Mitropolije. U vrijeme komunizma dio je nacionalizovan, a Milo sad ho\u0107e sve da uzme. Problem je \u0161ta \u0107e biti s Ostrogom. Za Mitropoliju je to va\u017ean izvor prihoda&#8221;, istakao je on.<\/p>\n","protected":false},"excerpt":{"rendered":"<p>&#8220;Crnogorci, pazite \u0161ta radite. Dalje ruke od srpskih svetinja. Znate kakvi su Srbi kad im neko dirne u svetinje&#8221;, kazao je ministar spoljnih poslova Srbije Ivica Da\u010di\u0107 za Kurir. On je ovo rekao nakon \u0161to je Vlada Crne Gore usvojila predlog zakona kojim bi SPC mogla da ostane bez imovine. &#8220;Jo\u0161 jedan u nizu neracionalnih, [&hellip;]<\/p>\n","protected":false},"author":1,"featured_media":0,"comment_status":"open","ping_status":"closed","sticky":false,"template":"","format":"standard","meta":{"_seopress_robots_primary_cat":"","_seopress_titles_title":"","_seopress_titles_desc":"","_seopress_robots_index":"","_et_pb_use_builder":"","_et_pb_old_content":"","_et_gb_content_width":"","inline_featured_image":false,"footnotes":""},"categories":[14,12],"tags":[],"class_list":["post-267813","post","type-post","status-publish","format-standard","hentry","category-vijesti","category-prica-dana"],"_links":{"self":[{"href":"https:\/\/www.pcnen.com\/portal\/wp-json\/wp\/v2\/posts\/267813","targetHints":{"allow":["GET"]}}],"collection":[{"href":"https:\/\/www.pcnen.com\/portal\/wp-json\/wp\/v2\/posts"}],"about":[{"href":"https:\/\/www.pcnen.com\/portal\/wp-json\/wp\/v2\/types\/post"}],"author":[{"embeddable":true,"href":"https:\/\/www.pcnen.com\/portal\/wp-json\/wp\/v2\/users\/1"}],"replies":[{"embeddable":true,"href":"https:\/\/www.pcnen.com\/portal\/wp-json\/wp\/v2\/comments?post=267813"}],"version-history":[{"count":0,"href":"https:\/\/www.pcnen.com\/portal\/wp-json\/wp\/v2\/posts\/267813\/revisions"}],"wp:attachment":[{"href":"https:\/\/www.pcnen.com\/portal\/wp-json\/wp\/v2\/media?parent=267813"}],"wp:term":[{"taxonomy":"category","embeddable":true,"href":"https:\/\/www.pcnen.com\/portal\/wp-json\/wp\/v2\/categories?post=267813"},{"taxonomy":"post_tag","embeddable":true,"href":"https:\/\/www.pcnen.com\/portal\/wp-json\/wp\/v2\/tags?post=267813"}],"curies":[{"name":"wp","href":"https:\/\/api.w.org\/{rel}","templated":true}]}}