{"id":267801,"date":"2019-06-11T12:19:58","date_gmt":"2019-06-11T10:19:58","guid":{"rendered":"http:\/\/www.pcnen.com\/portal\/?p=267801"},"modified":"2019-06-11T13:53:36","modified_gmt":"2019-06-11T11:53:36","slug":"up-cg-ponistio-odluku-o-smjeni-jokica","status":"publish","type":"post","link":"https:\/\/www.pcnen.com\/portal\/2019\/06\/11\/up-cg-ponistio-odluku-o-smjeni-jokica\/","title":{"rendered":"UP CG poni\u0161tio odluku o smjeni Joki\u0107a"},"content":{"rendered":"<p><img loading=\"lazy\" decoding=\"async\" class=\"alignright size-medium wp-image-191699\" src=\"http:\/\/www.pcnen.com\/portal\/wp-content\/uploads\/2015\/10\/sudnica-300x215.jpg\" alt=\"\" width=\"300\" height=\"215\" \/>Upravni sud Crne Gore je poni\u0161tio odluku o smjeni predsjednika Op\u0161tine Kotor Vladimira Joki\u0107a. To je za RTCG potvrdio Joki\u0107.<\/p>\n<p>Joki\u0107 je <a href=\"http:\/\/www.pcnen.com\/portal\/2019\/04\/24\/razrijesen-duznosti-predsjednik-kotora\/\">razrije\u0161en sa funkcije predsjednika Op\u0161tine Kotor 24. aprila,<\/a> glasovima Socijaldemokratske partije, Demokratske partije socijalista, Hrvatske gra\u0111anske inicijative, Liberalne partije i Socijaldemokrata.<\/p>\n<p>Joki\u0107 je tokom rasprave u Upravnom sudu tra\u017eio da se njegova smjena poni\u0161ti zbog nezakonitosti.<\/p>\n<p>Joki\u0107 i predstavnik kluba Demokrata u Skup\u0161tini op\u0161tine Kotor Neven Go\u0161ovi\u0107 su tra\u017eili da sud donese odluku prije 14. juna, kada \u0107e, kako je najavio sekretar kotorskog DPS-a Kotor \u017deljko Avramovi\u0107, izabrati novog predsjednika op\u0161tine i smijeniti predsjednicu Skup\u0161tine Dragicu Perovi\u0107.<\/p>\n","protected":false},"excerpt":{"rendered":"<p>Upravni sud Crne Gore je poni\u0161tio odluku o smjeni predsjednika Op\u0161tine Kotor Vladimira Joki\u0107a. To je za RTCG potvrdio Joki\u0107. Joki\u0107 je razrije\u0161en sa funkcije predsjednika Op\u0161tine Kotor 24. aprila, glasovima Socijaldemokratske partije, Demokratske partije socijalista, Hrvatske gra\u0111anske inicijative, Liberalne partije i Socijaldemokrata. Joki\u0107 je tokom rasprave u Upravnom sudu tra\u017eio da se njegova smjena [&hellip;]<\/p>\n","protected":false},"author":1,"featured_media":0,"comment_status":"open","ping_status":"closed","sticky":false,"template":"","format":"standard","meta":{"_seopress_robots_primary_cat":"","_seopress_titles_title":"","_seopress_titles_desc":"","_seopress_robots_index":"","_et_pb_use_builder":"","_et_pb_old_content":"","_et_gb_content_width":"","inline_featured_image":false,"footnotes":""},"categories":[14,12],"tags":[],"class_list":["post-267801","post","type-post","status-publish","format-standard","hentry","category-vijesti","category-prica-dana"],"_links":{"self":[{"href":"https:\/\/www.pcnen.com\/portal\/wp-json\/wp\/v2\/posts\/267801","targetHints":{"allow":["GET"]}}],"collection":[{"href":"https:\/\/www.pcnen.com\/portal\/wp-json\/wp\/v2\/posts"}],"about":[{"href":"https:\/\/www.pcnen.com\/portal\/wp-json\/wp\/v2\/types\/post"}],"author":[{"embeddable":true,"href":"https:\/\/www.pcnen.com\/portal\/wp-json\/wp\/v2\/users\/1"}],"replies":[{"embeddable":true,"href":"https:\/\/www.pcnen.com\/portal\/wp-json\/wp\/v2\/comments?post=267801"}],"version-history":[{"count":0,"href":"https:\/\/www.pcnen.com\/portal\/wp-json\/wp\/v2\/posts\/267801\/revisions"}],"wp:attachment":[{"href":"https:\/\/www.pcnen.com\/portal\/wp-json\/wp\/v2\/media?parent=267801"}],"wp:term":[{"taxonomy":"category","embeddable":true,"href":"https:\/\/www.pcnen.com\/portal\/wp-json\/wp\/v2\/categories?post=267801"},{"taxonomy":"post_tag","embeddable":true,"href":"https:\/\/www.pcnen.com\/portal\/wp-json\/wp\/v2\/tags?post=267801"}],"curies":[{"name":"wp","href":"https:\/\/api.w.org\/{rel}","templated":true}]}}