{"id":267766,"date":"2019-06-11T06:16:57","date_gmt":"2019-06-11T04:16:57","guid":{"rendered":"http:\/\/www.pcnen.com\/portal\/?p=267766"},"modified":"2019-06-11T06:16:57","modified_gmt":"2019-06-11T04:16:57","slug":"supetarska-lekcija","status":"publish","type":"post","link":"https:\/\/www.pcnen.com\/portal\/2019\/06\/11\/supetarska-lekcija\/","title":{"rendered":"Supetarska lekcija"},"content":{"rendered":"<p><strong><img loading=\"lazy\" decoding=\"async\" class=\"size-medium wp-image-139224 alignleft\" src=\"http:\/\/www.pcnen.com\/portal\/wp-content\/uploads\/2014\/03\/krv-300x203.jpg\" alt=\"\" width=\"300\" height=\"203\" \/>Pi\u0161e: Marko Kostani\u0107 \u00a0\u00a0<\/strong><\/p>\n<p>U subotu se u Supetru na Bra\u010du odr\u017eavao malonogometni turnir u organizaciji tamo\u0161nje podru\u017enice Torcide. Kao \u0161to je obi\u010daj na takvim tipovima turnira, natje\u010du se podru\u017enice iz raznih mjesta, splitski kvartovi i \u201cekipe\u201d navija\u010dke skupine. Na kraju sportskog dijela doga\u0111aja, sudionici su se preselili u prostorije Torcide Bra\u010d kako bi nastavili s dru\u017eenjem i zabavom.<\/p>\n<p>Te su se prostorije nalazile to\u010dno na putu nekolicini sezonskih radnika i radnica koji su nakon zavr\u0161etka smjene odlazili u svoje sobe na spavanje. Me\u0111u tim radnicima bilo je i nekoliko njih iz Slavonije. Najuobi\u010dajenija pojava ljeti u Dalmaciji. Me\u0111utim, ti sezonci su bili srpske nacionalnosti. Prema navodima svjedoka, okupljeni u prostorijama bra\u010dke Torcide su krenuli prema sezoncima s pitanjima \u201cDi je Srbin?\u201d. Sumnja se u to da su ih \u201cprepoznali\u201d po naglasku, a mo\u017eda ih je netko i uputio jer nije ba\u0161 da se razlikuju naglasci slavonskih Hrvata i Srba.<\/p>\n<p>Sezonci na upite nisu ni\u0161ta odgovarali i krenula je maklja\u017ea. Oboreni su na tlo, a napada\u010di su ih udarali kako su stigli. Navodno su cijelu stvar prekinula svjetla lokalnog taksija nakon \u010dijeg su se dolaska napada\u010di razbje\u017eali. No, pored sezonaca, napadnut je i lokalni momak iz Supetra, ina\u010de \u010dlan tamo\u0161njeg DVD-a koji je poku\u0161ao za\u0161tititi napadnute radnike. Ubrzo je do\u0161la policija i po njihovim izvje\u0161tajima, dvojica napada\u010da su uhi\u0107ena: jedan neposredno nakon doga\u0111aja u samom Supetru, a drugi sutradan u Splitu.<\/p>\n<p>Na svom Facebook profilu se uskoro oglasila gradona\u010delnica Supetra Ivana Markovi\u0107. Ona je bez imalo zadr\u0161ke osudila nasilje, pogotovo zato \u0161to se desilo na etni\u010dkoj osnovi te najavila uskra\u0107ivanje gradske donacije Torcidi Bra\u010d za odr\u017eavanje malonogometnog turnira kao i zabranu odr\u017eavanja manifestacije na sportskim terenima koji su u vlasni\u0161tvu grada Supetra. Ovo gradona\u010delnici Markovi\u0107 nije prvi istup takve vrste. Krajem pro\u0161le godine u javnost je dospijela njena odbijenica Po\u010dasnom blajbur\u0161kom vodu koji je tra\u017eio donacije od Grada Supetra. I to pod obja\u0161njenjem da Grad novca nema jer ih je predvidio za obilje\u017eavanje 75. godi\u0161njice osloba\u0111anja otoka od fa\u0161izma.<\/p>\n<p>Osim gradona\u010delnice, na svom Facebook profilu su se oglasili i supetarski vatrogasci \u010diji je \u010dlan napadnut i najte\u017ee ozlije\u0111en. Oni su tako\u0111er o\u0161tro osudili napad, stali iza svog \u010dlana na tragu nu\u017ene za\u0161tite slabijih i nemo\u0107nijih kao osnove svog djelovanja te pozvali tamo\u0161nju Torcidu na promptno o\u010ditovanje. Prema navodima pretu\u010denog mladi\u0107a u napadu nisu sudjelovali bra\u010dki torcida\u0161i ve\u0107 splitski, a to je naknadno \u201cpotvrdila\u201d i gradona\u010delnica u izjavi medijima.<\/p>\n<p>Bez obzira na to tko je sudjelovao, reakcije supetarske gradona\u010delnice i vatrogasaca predstavljaju pravo osvje\u017eenje i nu\u017eno potrebnu rezolutnost u obra\u010dunu s etni\u010dki motiviranim nasiljem. Nedvosmislena osuda, uskra\u0107ivanje sredstava i jako va\u017eno \u2013 ukazivanje na to da je rije\u010d o napadu na slabe i nemo\u0107ne. I samim tim o kukavi\u010dluku. Nadajmo se da \u0107e ove reakcije poslu\u017eiti u najmanje dvije svrhe: dati hrabrost onima koji isto tako misle, ali su zbog straha oklijevali s osudama i svaku onu prozirnu, licemjernu osudu razotkriti kao takvu.<\/p>\n<p>A za napada\u010de te\u0161ko da ima previ\u0161e nade. Jedino mo\u017eda za one iz \u0161ireg kruga navija\u010dkih skupina koji bi napokon mogli shvatiti da napad na Zdravka Mami\u0107a na Bra\u010du otprije nekoliko godina i napad na jadne, sezonske radnike na Bra\u010du prekju\u010der ne da nisu ista stvar, ve\u0107 su vrijednosno dijametralno suprotne.<\/p>\n<p><a href=\"https:\/\/www.bilten.org\/?p=28178\">Bilten<\/a><\/p>\n","protected":false},"excerpt":{"rendered":"<p>Gradona\u010delnica Supetra Ivana Markovi\u0107 je, bez imalo zadr\u0161ke, osudila nasilje, pogotovo zato \u0161to se desilo na etni\u010dkoj osnovi<\/p>\n","protected":false},"author":1,"featured_media":0,"comment_status":"open","ping_status":"closed","sticky":false,"template":"","format":"standard","meta":{"_seopress_robots_primary_cat":"","_seopress_titles_title":"","_seopress_titles_desc":"","_seopress_robots_index":"","_et_pb_use_builder":"","_et_pb_old_content":"","_et_gb_content_width":"","inline_featured_image":false,"footnotes":""},"categories":[5],"tags":[],"class_list":["post-267766","post","type-post","status-publish","format-standard","hentry","category-drugi-pisu"],"_links":{"self":[{"href":"https:\/\/www.pcnen.com\/portal\/wp-json\/wp\/v2\/posts\/267766","targetHints":{"allow":["GET"]}}],"collection":[{"href":"https:\/\/www.pcnen.com\/portal\/wp-json\/wp\/v2\/posts"}],"about":[{"href":"https:\/\/www.pcnen.com\/portal\/wp-json\/wp\/v2\/types\/post"}],"author":[{"embeddable":true,"href":"https:\/\/www.pcnen.com\/portal\/wp-json\/wp\/v2\/users\/1"}],"replies":[{"embeddable":true,"href":"https:\/\/www.pcnen.com\/portal\/wp-json\/wp\/v2\/comments?post=267766"}],"version-history":[{"count":0,"href":"https:\/\/www.pcnen.com\/portal\/wp-json\/wp\/v2\/posts\/267766\/revisions"}],"wp:attachment":[{"href":"https:\/\/www.pcnen.com\/portal\/wp-json\/wp\/v2\/media?parent=267766"}],"wp:term":[{"taxonomy":"category","embeddable":true,"href":"https:\/\/www.pcnen.com\/portal\/wp-json\/wp\/v2\/categories?post=267766"},{"taxonomy":"post_tag","embeddable":true,"href":"https:\/\/www.pcnen.com\/portal\/wp-json\/wp\/v2\/tags?post=267766"}],"curies":[{"name":"wp","href":"https:\/\/api.w.org\/{rel}","templated":true}]}}