{"id":267762,"date":"2019-06-10T21:38:21","date_gmt":"2019-06-10T19:38:21","guid":{"rendered":"http:\/\/www.pcnen.com\/portal\/?p=267762"},"modified":"2019-06-10T21:38:21","modified_gmt":"2019-06-10T19:38:21","slug":"pretezno-suncano-i-toplo-40","status":"publish","type":"post","link":"https:\/\/www.pcnen.com\/portal\/2019\/06\/10\/pretezno-suncano-i-toplo-40\/","title":{"rendered":"Prete\u017eno sun\u010dano i toplo"},"content":{"rendered":"<p><img loading=\"lazy\" decoding=\"async\" class=\"size-medium wp-image-230463 alignleft\" src=\"http:\/\/www.pcnen.com\/portal\/wp-content\/uploads\/2017\/07\/IMG_0301m-200x300.jpg\" alt=\"\" width=\"200\" height=\"300\" \/>U utorak \u0107e biti prete\u017eno sun\u010dano i toplo.<\/p>\n<p>Po kotlinama na sjeveru Crne Gore ujutru \u0107e biti magla.<\/p>\n<p>Popodne \u0107e ponegdje biti kratkotrajno mogu\u0107a ki\u0161a i grmljavina, prvenstveno u planinskim oblastima.<\/p>\n<p>Vjetar promjenljivog smjera bi\u0107e slab do umjeren.<\/p>\n<p>Jutarnja temperatura vazduha bi\u0107e u rasponu od 10 do 21, a najvi\u0161a dnevna od 24 do 34 stepena.<\/p>\n<p>U Podgorici \u0107e biti prete\u017eno sun\u010dano i toplo. Za popodne se najavljuje slab do umjeren razvoj obla\u010dnosti i mala mogu\u0107nost za kratkotrajnu ki\u0161u ili grmljavinu. Vjetar promjenljivog smjera bi\u0107e slab do umjeren. Jutarnja temperatura vazduha bi\u0107e oko 20, a najvi\u0161a dnevna oko 33 stepena.<\/p>\n<p><a href=\"http:\/\/www.meteo.co.me\/misc.php?text=121&amp;sektor=1&amp;grad=GUS\">Prognoza za ostale gradove.<\/a><\/p>\n","protected":false},"excerpt":{"rendered":"<p>Popodne \u0107e ponegdje biti kratkotrajno mogu\u0107a ki\u0161a i grmljavina, prvenstveno u planinskim oblastima<\/p>\n","protected":false},"author":1,"featured_media":0,"comment_status":"open","ping_status":"closed","sticky":false,"template":"","format":"standard","meta":{"_seopress_robots_primary_cat":"","_seopress_titles_title":"","_seopress_titles_desc":"","_seopress_robots_index":"","_et_pb_use_builder":"","_et_pb_old_content":"","_et_gb_content_width":"","inline_featured_image":false,"footnotes":""},"categories":[14,12],"tags":[],"class_list":["post-267762","post","type-post","status-publish","format-standard","hentry","category-vijesti","category-prica-dana"],"_links":{"self":[{"href":"https:\/\/www.pcnen.com\/portal\/wp-json\/wp\/v2\/posts\/267762","targetHints":{"allow":["GET"]}}],"collection":[{"href":"https:\/\/www.pcnen.com\/portal\/wp-json\/wp\/v2\/posts"}],"about":[{"href":"https:\/\/www.pcnen.com\/portal\/wp-json\/wp\/v2\/types\/post"}],"author":[{"embeddable":true,"href":"https:\/\/www.pcnen.com\/portal\/wp-json\/wp\/v2\/users\/1"}],"replies":[{"embeddable":true,"href":"https:\/\/www.pcnen.com\/portal\/wp-json\/wp\/v2\/comments?post=267762"}],"version-history":[{"count":0,"href":"https:\/\/www.pcnen.com\/portal\/wp-json\/wp\/v2\/posts\/267762\/revisions"}],"wp:attachment":[{"href":"https:\/\/www.pcnen.com\/portal\/wp-json\/wp\/v2\/media?parent=267762"}],"wp:term":[{"taxonomy":"category","embeddable":true,"href":"https:\/\/www.pcnen.com\/portal\/wp-json\/wp\/v2\/categories?post=267762"},{"taxonomy":"post_tag","embeddable":true,"href":"https:\/\/www.pcnen.com\/portal\/wp-json\/wp\/v2\/tags?post=267762"}],"curies":[{"name":"wp","href":"https:\/\/api.w.org\/{rel}","templated":true}]}}