{"id":267756,"date":"2019-06-10T20:18:29","date_gmt":"2019-06-10T18:18:29","guid":{"rendered":"http:\/\/www.pcnen.com\/portal\/?p=267756"},"modified":"2019-06-10T21:25:02","modified_gmt":"2019-06-10T19:25:02","slug":"otkaz-ukoliko-odbiju-ucesce-u-nato-misijama","status":"publish","type":"post","link":"https:\/\/www.pcnen.com\/portal\/2019\/06\/10\/otkaz-ukoliko-odbiju-ucesce-u-nato-misijama\/","title":{"rendered":"Otkaz ukoliko odbiju u\u010de\u0161\u0107e u NATO misijama"},"content":{"rendered":"<p><img loading=\"lazy\" decoding=\"async\" class=\"alignright size-full wp-image-129151\" src=\"http:\/\/www.pcnen.com\/portal\/wp-content\/uploads\/2013\/11\/otkaz.jpg\" alt=\"\" width=\"300\" height=\"202\" \/>Lica u slu\u017ebi u Vojsci Crne Gore bi\u0107e obavezna da u\u010destvuju u odbrani dr\u017eava NATO saveznica, predvi\u0111eno je izmjenama Zakona o Vojsci, koji je danas usvojio parlament.<\/p>\n<p>Prema zakonu, slu\u017ebenom licu u Vojsci presta\u0107e slu\u017eba ukoliko odbije u\u010de\u0161\u0107e u NATO misiji u inostranstvu, prenosi Mina.<\/p>\n<p>Zakonskim izmjenama propisuje se postojanje rezervnog sastava koji \u010dine oficiri, podoficiri i vojnici.<\/p>\n<p>Profesionalnom vojnom licu prestaje slu\u017eba u Vojsci ako ne stupi na du\u017enost formacijskog mjesta na koje je postavljeno, odbije u\u010de\u0161\u0107e u me\u0111unarodnim snagama u inostranstvu u koje je upu\u0107en u skladu sa zakonom kojim se ure\u0111uje upotreba jedinica Vojske u me\u0111unarodnim misijama i ukoliko ne zavr\u0161i obuku za samostalno vr\u0161enje du\u017enosti svog formacijskog mjesta.<\/p>\n<p>Izmjenama zakona propisuje se da profesionalno vojno lice po ugovoru kome prestane slu\u017eba u Vojsci bez svoje krivice ima pravo na otpremninu u visini od petnaestostrukog iznosa bruto zarade.<\/p>\n<p>Predvi\u0111eno je i da civilno lice mo\u017ee nositi i upotrebljavati oru\u017eje i vojnu uniformu u uslovima ratnog ili vanrednog stanja, kao i za vrijeme obuke, vojne vje\u017ebe, pripravnosti ili kontrole borbene spremnosti, ako su obu\u010deni za to.<\/p>\n<p>Izmjenama se prvi put uvode po\u010dasni \u010dinovi, koji se mogu dodjeljivati gra\u0111anima Crne Gore koji su bili oficiri VCG ili vojski ranijih dr\u017eava, zbog zasluga za razvoj odbrane.<\/p>\n<p>Novim zakonom, u cilju pobolj\u0161anja operativnosti, preraspodijeljene su nadle\u017enosti ministra odbrane i na\u010delnika General\u0161taba Vojske, kao i novi djelokrug poslova General\u0161taba.<\/p>\n<p>Osim Dana Vojske, koji se obilje\u017eava 7. oktobra, predvi\u0111eno je da svoj dan imaju Mornarica, vazduhoplovstvo i kopnena vojska.<\/p>\n","protected":false},"excerpt":{"rendered":"<p>Lica u slu\u017ebi u Vojsci Crne Gore bi\u0107e obavezna da u\u010destvuju u odbrani dr\u017eava NATO saveznica, predvi\u0111eno je izmjenama Zakona o Vojsci, koji je danas usvojio parlament. Prema zakonu, slu\u017ebenom licu u Vojsci presta\u0107e slu\u017eba ukoliko odbije u\u010de\u0161\u0107e u NATO misiji u inostranstvu, prenosi Mina. Zakonskim izmjenama propisuje se postojanje rezervnog sastava koji \u010dine oficiri, [&hellip;]<\/p>\n","protected":false},"author":1,"featured_media":0,"comment_status":"open","ping_status":"closed","sticky":false,"template":"","format":"standard","meta":{"_seopress_robots_primary_cat":"","_seopress_titles_title":"","_seopress_titles_desc":"","_seopress_robots_index":"","_et_pb_use_builder":"","_et_pb_old_content":"","_et_gb_content_width":"","inline_featured_image":false,"footnotes":""},"categories":[14,12],"tags":[],"class_list":["post-267756","post","type-post","status-publish","format-standard","hentry","category-vijesti","category-prica-dana"],"_links":{"self":[{"href":"https:\/\/www.pcnen.com\/portal\/wp-json\/wp\/v2\/posts\/267756","targetHints":{"allow":["GET"]}}],"collection":[{"href":"https:\/\/www.pcnen.com\/portal\/wp-json\/wp\/v2\/posts"}],"about":[{"href":"https:\/\/www.pcnen.com\/portal\/wp-json\/wp\/v2\/types\/post"}],"author":[{"embeddable":true,"href":"https:\/\/www.pcnen.com\/portal\/wp-json\/wp\/v2\/users\/1"}],"replies":[{"embeddable":true,"href":"https:\/\/www.pcnen.com\/portal\/wp-json\/wp\/v2\/comments?post=267756"}],"version-history":[{"count":0,"href":"https:\/\/www.pcnen.com\/portal\/wp-json\/wp\/v2\/posts\/267756\/revisions"}],"wp:attachment":[{"href":"https:\/\/www.pcnen.com\/portal\/wp-json\/wp\/v2\/media?parent=267756"}],"wp:term":[{"taxonomy":"category","embeddable":true,"href":"https:\/\/www.pcnen.com\/portal\/wp-json\/wp\/v2\/categories?post=267756"},{"taxonomy":"post_tag","embeddable":true,"href":"https:\/\/www.pcnen.com\/portal\/wp-json\/wp\/v2\/tags?post=267756"}],"curies":[{"name":"wp","href":"https:\/\/api.w.org\/{rel}","templated":true}]}}