{"id":267743,"date":"2019-06-10T15:38:42","date_gmt":"2019-06-10T13:38:42","guid":{"rendered":"http:\/\/www.pcnen.com\/portal\/?p=267743"},"modified":"2019-06-10T16:26:52","modified_gmt":"2019-06-10T14:26:52","slug":"novcane-kazne-za-nepostovanje-grba-zastave-i-himne","status":"publish","type":"post","link":"https:\/\/www.pcnen.com\/portal\/2019\/06\/10\/novcane-kazne-za-nepostovanje-grba-zastave-i-himne\/","title":{"rendered":"Nov\u010dane kazne za nepo\u0161tovanje grba, zastave i himne"},"content":{"rendered":"<p><img loading=\"lazy\" decoding=\"async\" src=\"http:\/\/www.pcnen.com\/portal\/wp-content\/uploads\/2017\/06\/cg-zastava-300x150.jpg\" alt=\"\" width=\"300\" height=\"150\" class=\"alignright size-medium wp-image-227727\" \/>Crnogorski parlament je danas usvojio izmjene i dopune Zakona o dr\u017eavnim simbolima i Danu dr\u017eavnosti kojim su predvi\u0111ene nov\u010dane kazne za nepo\u0161tovanje grba, zastave i himne Crne Gore.<\/p>\n<p>Za usvajanje Zakona glasali su 43 poslanika, a uzdr\u017eanih i protiv bije bilo.<\/p>\n<p>Predvi\u0111ene su nov\u010dane kazne od hiljadu do 20 hiljada eura za pravno lice koje upotrijebi grb i zastavu u umjetni\u010dkom stvarala\u0161tvu, nastavnom i obrazovnom radu na na\u010din kojim se naru\u0161avaju javni moral, ugled i dostojanstvo Crne Gore.<\/p>\n<p>Tolika kazna je predvi\u0111ena ako se na grbu ili zastavi izvr\u0161i bilo \u0161ta, ispravi, doda ili izmijeni, upotrijebe kao robni ili uslu\u017eni \u017eig, uzorak ili model ili ako se zastava postavi tako da dodiruje tlo ili kao prostirka ili zavjesa, prenosi Mina.<\/p>\n<p>Zakonskim izmjenama predvi\u0111ene su i kazne ukoliko se u tekstu ili melodiji himne izvr\u0161i bilo kakva njena izmjena ili se izvede na na\u010din i u prilikama koji vrije\u0111aju ugled i dostojanstvo Crne Gore.<\/p>\n<p>Kazne za odgovorna lica su od 300 do dvije hiljade eura, za fizi\u010dka lica od 300 do dvije hiljade, a za preduzetnike od 300 do \u0161est hiljada eura.<\/p>\n<p>Zakonom se uvodi obaveza da se zastava stalno vijori na zgradama organa lokalnih samouprava i javnih ustanova, \u010diji je osniva\u010d dr\u017eava.<\/p>\n","protected":false},"excerpt":{"rendered":"<p>Crnogorski parlament je danas usvojio izmjene i dopune Zakona o dr\u017eavnim simbolima i Danu dr\u017eavnosti kojim su predvi\u0111ene nov\u010dane kazne za nepo\u0161tovanje grba, zastave i himne Crne Gore. Za usvajanje Zakona glasali su 43 poslanika, a uzdr\u017eanih i protiv bije bilo. Predvi\u0111ene su nov\u010dane kazne od hiljadu do 20 hiljada eura za pravno lice koje [&hellip;]<\/p>\n","protected":false},"author":1,"featured_media":0,"comment_status":"open","ping_status":"closed","sticky":false,"template":"","format":"standard","meta":{"_seopress_robots_primary_cat":"","_seopress_titles_title":"","_seopress_titles_desc":"","_seopress_robots_index":"","_et_pb_use_builder":"","_et_pb_old_content":"","_et_gb_content_width":"","inline_featured_image":false,"footnotes":""},"categories":[14,12],"tags":[],"class_list":["post-267743","post","type-post","status-publish","format-standard","hentry","category-vijesti","category-prica-dana"],"_links":{"self":[{"href":"https:\/\/www.pcnen.com\/portal\/wp-json\/wp\/v2\/posts\/267743","targetHints":{"allow":["GET"]}}],"collection":[{"href":"https:\/\/www.pcnen.com\/portal\/wp-json\/wp\/v2\/posts"}],"about":[{"href":"https:\/\/www.pcnen.com\/portal\/wp-json\/wp\/v2\/types\/post"}],"author":[{"embeddable":true,"href":"https:\/\/www.pcnen.com\/portal\/wp-json\/wp\/v2\/users\/1"}],"replies":[{"embeddable":true,"href":"https:\/\/www.pcnen.com\/portal\/wp-json\/wp\/v2\/comments?post=267743"}],"version-history":[{"count":0,"href":"https:\/\/www.pcnen.com\/portal\/wp-json\/wp\/v2\/posts\/267743\/revisions"}],"wp:attachment":[{"href":"https:\/\/www.pcnen.com\/portal\/wp-json\/wp\/v2\/media?parent=267743"}],"wp:term":[{"taxonomy":"category","embeddable":true,"href":"https:\/\/www.pcnen.com\/portal\/wp-json\/wp\/v2\/categories?post=267743"},{"taxonomy":"post_tag","embeddable":true,"href":"https:\/\/www.pcnen.com\/portal\/wp-json\/wp\/v2\/tags?post=267743"}],"curies":[{"name":"wp","href":"https:\/\/api.w.org\/{rel}","templated":true}]}}