{"id":267732,"date":"2019-06-10T12:26:47","date_gmt":"2019-06-10T10:26:47","guid":{"rendered":"http:\/\/www.pcnen.com\/portal\/?p=267732"},"modified":"2019-06-10T12:29:36","modified_gmt":"2019-06-10T10:29:36","slug":"cuvari-bukovice-banuli-u-savnik-predsjednika-nijesu-zatekli","status":"publish","type":"post","link":"https:\/\/www.pcnen.com\/portal\/2019\/06\/10\/cuvari-bukovice-banuli-u-savnik-predsjednika-nijesu-zatekli\/","title":{"rendered":"\u010cuvari Bukovice banuli u \u0160avnik, predsjednika nijesu zatekli"},"content":{"rendered":"<p><img loading=\"lazy\" decoding=\"async\" class=\"size-medium wp-image-257307 alignleft\" src=\"http:\/\/www.pcnen.com\/portal\/wp-content\/uploads\/2018\/11\/uzbuna-sirene-300x214.jpg\" alt=\"\" width=\"300\" height=\"214\" \/>\u010cuvari rijeke Bukovice, ljudi iz sela u dolini rijeke koji ne dozviljavaju nastavak radova na gradnji dvije mHE na ovoj durmitorskoj rijeci, &#8216;poja\u010dani&#8217; predstavnicima nekih ekolo\u0161kih organizacija, banuli su jutros u \u0160avnik, op\u0161tinski centar, da posjete predsjednika op\u0161tine Mijomira Vuja\u010di\u0107a, kad on ne\u0107e njih.<\/p>\n<p>\u201cDodjosmo evo da posjetimo predsjednika po\u0161to se on nakon toliko poziva nije udostojio da posjeti nas. Ali presjednika nema na poslu, uspavao se u Nik\u0161i\u0107u ili pije jutarnju kafu sa gospodinom Garovi\u0107em, ili je mo\u017eda podnio ostavku a mi nemamo jo\u0161 uvijek tu informaciju\u201c,<a href=\"https:\/\/www.facebook.com\/NVO-Ekolo%C5%A1ki-Pokret-Donja-Bukovica-251352465798059\/?__tn__=kCH-R&amp;eid=ARBQCNCRLPzp-AiajG7-i1qSwxjmZB76wyyTJEeG5cG8VuKnC6O2xbM4WIQ7xBxY7FUT325dobv7frYm&amp;hc_ref=ARQOQFhCZXvs5qo4JeRJHLEC5inuYfnxXp4Xu0DmSZO6gCwIxTVj8PGDZ0RyjtxJtT8&amp;fref=nf\"> poruka je na FB stranici Ekolo\u0161kog pokreta Donja Bukovica.<\/a><\/p>\n<p>Nezvani gosti su sirenom &#8216;ozvani\u010dili&#8217; boravak u \u0160avniku.<\/p>\n<p>Predsjednik op\u0161tine \u0160avnik \u017eivi u Nik\u0161i\u0107u, odakle na posao dolazi kolima kojima upravlja slu\u017ebeni voza\u010d.<\/p>\n<p>Garovi\u0107 koji je pomenut u poruci je izvr\u0161ni direktor firme &#8216;Hidra&#8217;,koja je dobila koncesiju za gradnju dvije mHE na rijeci Bukovici.<\/p>\n<p>Prema projektu, osam kilometara rije\u010dnog toka treba da se &#8216;preseli&#8217; u cijevi.<\/p>\n<p>Jedna od vlasnika firme koja je dobila koncesiju na 27 godina je brat od ujaka aktuelnog predsjednika Crne Gore Mila \u0110ukanovi\u0107a.<\/p>\n","protected":false},"excerpt":{"rendered":"<p>Predsjednik op\u0161tine \u0160avnik \u017eivi u Nik\u0161i\u0107u, odakle na posao dolazi kolima kojima upravlja slu\u017ebeni voza\u010d<\/p>\n","protected":false},"author":1,"featured_media":0,"comment_status":"open","ping_status":"closed","sticky":false,"template":"","format":"standard","meta":{"_seopress_robots_primary_cat":"","_seopress_titles_title":"","_seopress_titles_desc":"","_seopress_robots_index":"","_et_pb_use_builder":"","_et_pb_old_content":"","_et_gb_content_width":"","inline_featured_image":false,"footnotes":""},"categories":[14,12],"tags":[],"class_list":["post-267732","post","type-post","status-publish","format-standard","hentry","category-vijesti","category-prica-dana"],"_links":{"self":[{"href":"https:\/\/www.pcnen.com\/portal\/wp-json\/wp\/v2\/posts\/267732","targetHints":{"allow":["GET"]}}],"collection":[{"href":"https:\/\/www.pcnen.com\/portal\/wp-json\/wp\/v2\/posts"}],"about":[{"href":"https:\/\/www.pcnen.com\/portal\/wp-json\/wp\/v2\/types\/post"}],"author":[{"embeddable":true,"href":"https:\/\/www.pcnen.com\/portal\/wp-json\/wp\/v2\/users\/1"}],"replies":[{"embeddable":true,"href":"https:\/\/www.pcnen.com\/portal\/wp-json\/wp\/v2\/comments?post=267732"}],"version-history":[{"count":0,"href":"https:\/\/www.pcnen.com\/portal\/wp-json\/wp\/v2\/posts\/267732\/revisions"}],"wp:attachment":[{"href":"https:\/\/www.pcnen.com\/portal\/wp-json\/wp\/v2\/media?parent=267732"}],"wp:term":[{"taxonomy":"category","embeddable":true,"href":"https:\/\/www.pcnen.com\/portal\/wp-json\/wp\/v2\/categories?post=267732"},{"taxonomy":"post_tag","embeddable":true,"href":"https:\/\/www.pcnen.com\/portal\/wp-json\/wp\/v2\/tags?post=267732"}],"curies":[{"name":"wp","href":"https:\/\/api.w.org\/{rel}","templated":true}]}}