{"id":267727,"date":"2019-06-10T09:46:24","date_gmt":"2019-06-10T07:46:24","guid":{"rendered":"http:\/\/www.pcnen.com\/portal\/?p=267727"},"modified":"2019-06-10T11:42:21","modified_gmt":"2019-06-10T09:42:21","slug":"plate-i-partijske-clanarine-postale-tajna","status":"publish","type":"post","link":"https:\/\/www.pcnen.com\/portal\/2019\/06\/10\/plate-i-partijske-clanarine-postale-tajna\/","title":{"rendered":"Plate i partijske \u010dlanarine postale tajna"},"content":{"rendered":"<p><img loading=\"lazy\" decoding=\"async\" src=\"http:\/\/www.pcnen.com\/portal\/wp-content\/uploads\/2012\/10\/pst-300x210.jpg\" alt=\"\" width=\"300\" height=\"210\" class=\"alignright size-medium wp-image-96214\" \/>Vlada Crne Gore ne\u0107e ubudu\u0107e objavljivati neto zarade najvi\u0161ih funkcionera izvr\u0161ne vlasti, niti podatke o tome koliku \u010dlanarinu pla\u0107aju svojim partijama.<\/p>\n<p>Obustavu objavljivanja neto plata premijera Du\u0161ka Markovi\u0107a i ministara u njegovoj Vladi, kao i visini \u010dlanarine za partiju, nalo\u017eila je Agencija za za\u0161titu li\u010dnih podataka i slobodan pristup informacijama (AZLP).<\/p>\n<p>Na sajtu Generalnog sekretarijata Vlade donedavno su objavljivanje platne liste javnih funkcionera koje su, pored neto zarade i izdvajanja za partijsku \u010dlanarinu, sadr\u017eale i podatke o upla\u0107ivanju doprinosa Fondu PIO, zdravstvenom osiguranju, prirezu, a sada se objavljuje samo bruto iznos mjese\u010dne plate.<\/p>\n<p>Iz AZLP poja\u0161njavaju da podaci o upla\u0107enim \u010dlanarinama politi\u010dkim partijama predstavljaju posebnu kategoriju li\u010dnog podatka, te su u pravnom re\u017eimu za\u0161tite na osnovu odredbi Zakona o za\u0161titi podataka o li\u010dnosti. <\/p>\n","protected":false},"excerpt":{"rendered":"<p>Vlada Crne Gore ne\u0107e ubudu\u0107e objavljivati neto zarade najvi\u0161ih funkcionera izvr\u0161ne vlasti, niti podatke o tome koliku \u010dlanarinu pla\u0107aju svojim partijama. Obustavu objavljivanja neto plata premijera Du\u0161ka Markovi\u0107a i ministara u njegovoj Vladi, kao i visini \u010dlanarine za partiju, nalo\u017eila je Agencija za za\u0161titu li\u010dnih podataka i slobodan pristup informacijama (AZLP). Na sajtu Generalnog sekretarijata [&hellip;]<\/p>\n","protected":false},"author":1,"featured_media":0,"comment_status":"open","ping_status":"closed","sticky":false,"template":"","format":"standard","meta":{"_seopress_robots_primary_cat":"","_seopress_titles_title":"","_seopress_titles_desc":"","_seopress_robots_index":"","_et_pb_use_builder":"","_et_pb_old_content":"","_et_gb_content_width":"","inline_featured_image":false,"footnotes":""},"categories":[14,12],"tags":[],"class_list":["post-267727","post","type-post","status-publish","format-standard","hentry","category-vijesti","category-prica-dana"],"_links":{"self":[{"href":"https:\/\/www.pcnen.com\/portal\/wp-json\/wp\/v2\/posts\/267727","targetHints":{"allow":["GET"]}}],"collection":[{"href":"https:\/\/www.pcnen.com\/portal\/wp-json\/wp\/v2\/posts"}],"about":[{"href":"https:\/\/www.pcnen.com\/portal\/wp-json\/wp\/v2\/types\/post"}],"author":[{"embeddable":true,"href":"https:\/\/www.pcnen.com\/portal\/wp-json\/wp\/v2\/users\/1"}],"replies":[{"embeddable":true,"href":"https:\/\/www.pcnen.com\/portal\/wp-json\/wp\/v2\/comments?post=267727"}],"version-history":[{"count":0,"href":"https:\/\/www.pcnen.com\/portal\/wp-json\/wp\/v2\/posts\/267727\/revisions"}],"wp:attachment":[{"href":"https:\/\/www.pcnen.com\/portal\/wp-json\/wp\/v2\/media?parent=267727"}],"wp:term":[{"taxonomy":"category","embeddable":true,"href":"https:\/\/www.pcnen.com\/portal\/wp-json\/wp\/v2\/categories?post=267727"},{"taxonomy":"post_tag","embeddable":true,"href":"https:\/\/www.pcnen.com\/portal\/wp-json\/wp\/v2\/tags?post=267727"}],"curies":[{"name":"wp","href":"https:\/\/api.w.org\/{rel}","templated":true}]}}