{"id":267709,"date":"2019-06-09T21:46:30","date_gmt":"2019-06-09T19:46:30","guid":{"rendered":"http:\/\/www.pcnen.com\/portal\/?p=267709"},"modified":"2019-06-09T21:46:30","modified_gmt":"2019-06-09T19:46:30","slug":"pretezno-suncano-i-toplo-39","status":"publish","type":"post","link":"https:\/\/www.pcnen.com\/portal\/2019\/06\/09\/pretezno-suncano-i-toplo-39\/","title":{"rendered":"Prete\u017eno sun\u010dano i toplo"},"content":{"rendered":"<p><img loading=\"lazy\" decoding=\"async\" class=\"size-medium wp-image-88596 alignleft\" src=\"http:\/\/www.pcnen.com\/portal\/wp-content\/uploads\/2012\/07\/sunceno2-300x212.jpg\" alt=\"\" width=\"300\" height=\"212\" \/>Prete\u017eno sun\u010dano i toplo bi\u0107e u ponedjeljak u Crnoj Gori.<\/p>\n<p>Na sjeveru zemlje, po kotlinama, ujutru \u0107e biti magla.<\/p>\n<p>Tokom popodneva ponegdje \u0107e zaki\u0161iti i zagrmjeti nakratko, prvenstveno u planinskim oblastima.<\/p>\n<p>Vjetar promjenljivog smjera bi\u0107e slab do umjeren; u jutarnjim i no\u0107nim satima na jugoistoku Crne Gore duva\u0107e umjeren do poja\u010dan sjeveroisto\u010dnjak.<\/p>\n<p>Jutarnja temperatura vazduha bi\u0107e u rasponu od 9 do 22, a najvi\u0161a dnevna od 23 do 35 stepeni.<\/p>\n<p>U Podgorici \u0107e biti prete\u017eno sun\u010dano i toplo. Vjetar \u0107e biti slab do umjeren i mijenja\u0107e smjer. Jutarnja temperatura vazduha bi\u0107e oko 20, a najvi\u0161a dnevna oko 34 stepena.<\/p>\n<p><a href=\"http:\/\/www.meteo.co.me\/misc.php?text=121&amp;sektor=1&amp;grad=BIJ\" target=\"_blank\" rel=\"noopener\">Prognoza za ostale gradove.<\/a><\/p>\n","protected":false},"excerpt":{"rendered":"<p>Tokom popodneva ponegdje \u0107e zaki\u0161iti i zagrmjeti nakratko, prvenstveno u planinskim oblastima<\/p>\n","protected":false},"author":1,"featured_media":0,"comment_status":"open","ping_status":"closed","sticky":false,"template":"","format":"standard","meta":{"_seopress_robots_primary_cat":"","_seopress_titles_title":"","_seopress_titles_desc":"","_seopress_robots_index":"","_et_pb_use_builder":"","_et_pb_old_content":"","_et_gb_content_width":"","inline_featured_image":false,"footnotes":""},"categories":[14,12],"tags":[],"class_list":["post-267709","post","type-post","status-publish","format-standard","hentry","category-vijesti","category-prica-dana"],"_links":{"self":[{"href":"https:\/\/www.pcnen.com\/portal\/wp-json\/wp\/v2\/posts\/267709","targetHints":{"allow":["GET"]}}],"collection":[{"href":"https:\/\/www.pcnen.com\/portal\/wp-json\/wp\/v2\/posts"}],"about":[{"href":"https:\/\/www.pcnen.com\/portal\/wp-json\/wp\/v2\/types\/post"}],"author":[{"embeddable":true,"href":"https:\/\/www.pcnen.com\/portal\/wp-json\/wp\/v2\/users\/1"}],"replies":[{"embeddable":true,"href":"https:\/\/www.pcnen.com\/portal\/wp-json\/wp\/v2\/comments?post=267709"}],"version-history":[{"count":0,"href":"https:\/\/www.pcnen.com\/portal\/wp-json\/wp\/v2\/posts\/267709\/revisions"}],"wp:attachment":[{"href":"https:\/\/www.pcnen.com\/portal\/wp-json\/wp\/v2\/media?parent=267709"}],"wp:term":[{"taxonomy":"category","embeddable":true,"href":"https:\/\/www.pcnen.com\/portal\/wp-json\/wp\/v2\/categories?post=267709"},{"taxonomy":"post_tag","embeddable":true,"href":"https:\/\/www.pcnen.com\/portal\/wp-json\/wp\/v2\/tags?post=267709"}],"curies":[{"name":"wp","href":"https:\/\/api.w.org\/{rel}","templated":true}]}}