{"id":267702,"date":"2019-06-09T16:30:11","date_gmt":"2019-06-09T14:30:11","guid":{"rendered":"http:\/\/www.pcnen.com\/portal\/?p=267702"},"modified":"2019-06-09T16:30:11","modified_gmt":"2019-06-09T14:30:11","slug":"euroskop-startovao-sa-zabljaka","status":"publish","type":"post","link":"https:\/\/www.pcnen.com\/portal\/2019\/06\/09\/euroskop-startovao-sa-zabljaka\/","title":{"rendered":"Euroskop startovao sa \u017dabljaka"},"content":{"rendered":"<p><img loading=\"lazy\" decoding=\"async\" src=\"http:\/\/www.pcnen.com\/portal\/wp-content\/uploads\/2019\/06\/euroskop-300x162.jpg\" alt=\"\" width=\"300\" height=\"162\" class=\"alignright size-medium wp-image-267703\" \/>\u0160est ekolo\u0161kih nevladinih organizacija Ozon, Breznica, Dru\u0161tvo mladih ekologa Nik\u0161i\u0107, Sjeverna zemlja, Green Home i Centar za razvoj Durmitora u narednih pet mjeseci organizova\u0107e sedam javnih de\u0161avanja na centralnim gradskim prostorima Podgorice, Nik\u0161i\u0107a, Pljevalja, \u017dabljaka, Berana, Ro\u017eaja i Ulcinja, sa ciljem boljeg informisanja gra\u0111ana o Poglavlju 27 i svega \u0161to podrazumijeva proces pregovora u  tom, najkompleksnijem i finansijski najzahtjevnijem, segmentu evropskih integracija.<\/p>\n<p>Turneja je  startovala danas  na \u017dabljaku, gdje je prije 27 godina Crna Gora, jednoglasnom odlukom parlamentaraca, progla\u0161ena za ekolo\u0161ku dr\u017eavu i posve\u0107ena je aktuelnoj temi upravljanja za\u0161ti\u0107enim prostorima sa fokusom na  Nacionalni park Durmitor i rijeku Taru, pi\u0161e <a href=\"http:\/\/www.ozon.org.me\/2019\/06\/pocinje-turneja-ekoloskih-nvo-euroskop-za-bolje-informisanje-javnosti-o-poglavlju-27\/\">na sajtu NVO Ozon.<\/a><br \/>\nU ponedjeljak 10. juna, ekolo\u0161ki karavan \u0107e boraviti u Pljevljima, gdje \u0107e se obile\u017eiti Svjetski dan \u017eivotne sredine, ove godine tematski posve\u0107en problematici aerozaga\u0111enja, koji je u toj op\u0161tini vi\u0161edecenijski izra\u017een problem.<\/p>\n<p>Predstavnici ekolo\u0161kih NVO \u0107e kroz direktnu komunikaciju za gra\u0111anima i zainteresovanim institucijama razmatrati sve relevantne informacije vezane za poglavlje 27, aktuelni izvje\u0161taj o Crnoj Gori 2019, koji je prije nekoliko dana objavila Evropska komisija, izvje\u0161taj UNECSO o NP Durnitor, \u010dije je objavljivanje najavljeno za 7. jun, lokalne ekolo\u0161ke planove i problem, dijeliti edukativno \u2013 informativne materijale, kako bi se javnost \u0161to je vi\u0161e mogu\u0107e zainteresovala za pra\u0107enje procesa pregovora i relevantnih projekata koji se realizuju ili se planiraju.<\/p>\n<p>Tokom realizacije kampanje Euroskop predstavlja\u0107e se i mehanizmi u\u010de\u0161\u0107a javnosti u procesu dono\u0161enja odluka iz oblasti \u017eivotne sredine i klimatskim promjena, \u010dime \u0107e se dati konkretan doprinos primjeni Arhuske konvencije u Crnoj Gori.<\/p>\n<p>Kampanju je podr\u017eao Fond za aktivno gra\u0111anstvo, kroz projekat \u201cDe facto razvoj\u201d koji je finansijski podr\u017eala Evropska unija.<\/p>\n","protected":false},"excerpt":{"rendered":"<p>\u0160est ekolo\u0161kih nevladinih organizacija Ozon, Breznica, Dru\u0161tvo mladih ekologa Nik\u0161i\u0107, Sjeverna zemlja, Green Home i Centar za razvoj Durmitora u narednih pet mjeseci organizova\u0107e sedam javnih de\u0161avanja na centralnim gradskim prostorima Podgorice, Nik\u0161i\u0107a, Pljevalja, \u017dabljaka, Berana, Ro\u017eaja i Ulcinja, sa ciljem boljeg informisanja gra\u0111ana o Poglavlju 27 i svega \u0161to podrazumijeva proces pregovora u tom, [&hellip;]<\/p>\n","protected":false},"author":1,"featured_media":0,"comment_status":"open","ping_status":"closed","sticky":false,"template":"","format":"standard","meta":{"_seopress_robots_primary_cat":"","_seopress_titles_title":"","_seopress_titles_desc":"","_seopress_robots_index":"","_et_pb_use_builder":"","_et_pb_old_content":"","_et_gb_content_width":"","inline_featured_image":false,"footnotes":""},"categories":[14,12],"tags":[],"class_list":["post-267702","post","type-post","status-publish","format-standard","hentry","category-vijesti","category-prica-dana"],"_links":{"self":[{"href":"https:\/\/www.pcnen.com\/portal\/wp-json\/wp\/v2\/posts\/267702","targetHints":{"allow":["GET"]}}],"collection":[{"href":"https:\/\/www.pcnen.com\/portal\/wp-json\/wp\/v2\/posts"}],"about":[{"href":"https:\/\/www.pcnen.com\/portal\/wp-json\/wp\/v2\/types\/post"}],"author":[{"embeddable":true,"href":"https:\/\/www.pcnen.com\/portal\/wp-json\/wp\/v2\/users\/1"}],"replies":[{"embeddable":true,"href":"https:\/\/www.pcnen.com\/portal\/wp-json\/wp\/v2\/comments?post=267702"}],"version-history":[{"count":0,"href":"https:\/\/www.pcnen.com\/portal\/wp-json\/wp\/v2\/posts\/267702\/revisions"}],"wp:attachment":[{"href":"https:\/\/www.pcnen.com\/portal\/wp-json\/wp\/v2\/media?parent=267702"}],"wp:term":[{"taxonomy":"category","embeddable":true,"href":"https:\/\/www.pcnen.com\/portal\/wp-json\/wp\/v2\/categories?post=267702"},{"taxonomy":"post_tag","embeddable":true,"href":"https:\/\/www.pcnen.com\/portal\/wp-json\/wp\/v2\/tags?post=267702"}],"curies":[{"name":"wp","href":"https:\/\/api.w.org\/{rel}","templated":true}]}}