{"id":267699,"date":"2019-06-09T12:50:37","date_gmt":"2019-06-09T10:50:37","guid":{"rendered":"http:\/\/www.pcnen.com\/portal\/?p=267699"},"modified":"2019-06-09T13:12:32","modified_gmt":"2019-06-09T11:12:32","slug":"amfilohije-dukanovic-je-prvi-ateista-koji-stvara-crkvu","status":"publish","type":"post","link":"https:\/\/www.pcnen.com\/portal\/2019\/06\/09\/amfilohije-dukanovic-je-prvi-ateista-koji-stvara-crkvu\/","title":{"rendered":"Amfilohije: \u0110ukanovi\u0107 je prvi ateista koji stvara crkvu"},"content":{"rendered":"<p><img loading=\"lazy\" decoding=\"async\" src=\"http:\/\/www.pcnen.com\/portal\/wp-content\/uploads\/2018\/08\/Amfilohije-300x208.jpg\" alt=\"\" width=\"300\" height=\"208\" class=\"alignright size-medium wp-image-250929\" \/>Mitropolit crnogorsko-primorski Amfilohije zapanjen je <a href=\"http:\/\/www.pcnen.com\/portal\/2019\/06\/08\/dukanovic-predano-cu-raditi-na-obnovi-crnogorske-autokefalne-crkve\/\">izjavom Mila \u0110ukanovi\u0107a <\/a>da \u0107e &#8220;raditi na obnovi crnogorske autokefalne crkve&#8221;. Amfilohije ka\u017ee da je to prvi put u istoriji da &#8220;ateista stvara crkvu&#8221;.<\/p>\n<p>&#8220;Ja sam bio zapanjen ovim \u0161to sam \u010duo od predsjednika Crne Gore, \u010dovjeka koji je naslednik komunisti\u010dke vlasti i koji se javno deklari\u0161e kao ateista. S druge strane, on prigovara kako ne\u0107e crkva da se mije\u0161a u politiku, a poku\u0161ava da bude glava crkve, da stvara svoju crkvu. To je prvi put u istoriji da ateista stvara crkvu&#8221;, rekao je mitropolit Amfilohije za RTS.<\/p>\n<p>Crnogorski predsjednik Milo \u0110ukanovi\u0107 je optu\u017eio Srpsku pravoslavnu crkvu da poku\u0161ava da \u010duva infrastrukturu Velike Srbije u Crnoj Gori i poru\u010duje da \u0107e raditi na obnovi crnogorske autokefalne crkve, svidjelo se to nekome ili ne.<\/p>\n<p>Ka\u017ee da ne\u0107e dozvoliti da savremena Crna Gora \u017eivi pod, kako je rekao, diktatom jedne vjerske organizacije koja predstavlja relikt pro\u0161losti, jer ne mo\u017ee da shvati da je to vrijeme odavno pro\u0161lo.<\/p>\n","protected":false},"excerpt":{"rendered":"<p>Mitropolit crnogorsko-primorski Amfilohije zapanjen je izjavom Mila \u0110ukanovi\u0107a da \u0107e &#8220;raditi na obnovi crnogorske autokefalne crkve&#8221;. Amfilohije ka\u017ee da je to prvi put u istoriji da &#8220;ateista stvara crkvu&#8221;. &#8220;Ja sam bio zapanjen ovim \u0161to sam \u010duo od predsjednika Crne Gore, \u010dovjeka koji je naslednik komunisti\u010dke vlasti i koji se javno deklari\u0161e kao ateista. S [&hellip;]<\/p>\n","protected":false},"author":1,"featured_media":0,"comment_status":"open","ping_status":"closed","sticky":false,"template":"","format":"standard","meta":{"_seopress_robots_primary_cat":"","_seopress_titles_title":"","_seopress_titles_desc":"","_seopress_robots_index":"","_et_pb_use_builder":"","_et_pb_old_content":"","_et_gb_content_width":"","inline_featured_image":false,"footnotes":""},"categories":[14,12],"tags":[],"class_list":["post-267699","post","type-post","status-publish","format-standard","hentry","category-vijesti","category-prica-dana"],"_links":{"self":[{"href":"https:\/\/www.pcnen.com\/portal\/wp-json\/wp\/v2\/posts\/267699","targetHints":{"allow":["GET"]}}],"collection":[{"href":"https:\/\/www.pcnen.com\/portal\/wp-json\/wp\/v2\/posts"}],"about":[{"href":"https:\/\/www.pcnen.com\/portal\/wp-json\/wp\/v2\/types\/post"}],"author":[{"embeddable":true,"href":"https:\/\/www.pcnen.com\/portal\/wp-json\/wp\/v2\/users\/1"}],"replies":[{"embeddable":true,"href":"https:\/\/www.pcnen.com\/portal\/wp-json\/wp\/v2\/comments?post=267699"}],"version-history":[{"count":0,"href":"https:\/\/www.pcnen.com\/portal\/wp-json\/wp\/v2\/posts\/267699\/revisions"}],"wp:attachment":[{"href":"https:\/\/www.pcnen.com\/portal\/wp-json\/wp\/v2\/media?parent=267699"}],"wp:term":[{"taxonomy":"category","embeddable":true,"href":"https:\/\/www.pcnen.com\/portal\/wp-json\/wp\/v2\/categories?post=267699"},{"taxonomy":"post_tag","embeddable":true,"href":"https:\/\/www.pcnen.com\/portal\/wp-json\/wp\/v2\/tags?post=267699"}],"curies":[{"name":"wp","href":"https:\/\/api.w.org\/{rel}","templated":true}]}}