{"id":267695,"date":"2019-06-09T12:27:39","date_gmt":"2019-06-09T10:27:39","guid":{"rendered":"http:\/\/www.pcnen.com\/portal\/?p=267695"},"modified":"2019-06-09T21:37:42","modified_gmt":"2019-06-09T19:37:42","slug":"pljevlja-husein-pasina-dzamija-obiljezava-450-godina-postojanja","status":"publish","type":"post","link":"https:\/\/www.pcnen.com\/portal\/2019\/06\/09\/pljevlja-husein-pasina-dzamija-obiljezava-450-godina-postojanja\/","title":{"rendered":"Pljevlja: Husein-pa\u0161ina d\u017eamija obilje\u017eava 450 godina postojanja"},"content":{"rendered":"<p><img loading=\"lazy\" decoding=\"async\" src=\"http:\/\/www.pcnen.com\/portal\/wp-content\/uploads\/2019\/06\/husein-pasina-dzamija-pljevlja-300x207.jpg\" alt=\"\" width=\"300\" height=\"207\" class=\"alignright size-medium wp-image-267696\" \/>Ovog mjeseca se obilje\u017eava 450 godina postojanja Husein-pa\u0161ine d\u017eamije u Pljevljima. Rije\u010d je o jednom od najzna\u010dajnijih islamskih objekata na Balkanu, koji po tradiciji i unutra\u0161njem bogatstvu spada u red kulturnog dobra prvog reda, javlja Anadolija. <\/p>\n<p>Sagra\u0111ena je 1569. godine, zadu\u017ebina je Husein-pa\u0161e Boljani\u0107a, koji je bio porijeklom iz Boljani\u0107a, kod Pljevalja. Od 1961. godine nalazi se pod za\u0161titom Zavoda za za\u0161titu spomenika kulture Crne Gore, kao kulturno dobro prvog reda i uvr\u0161tena je u kulturnu ponudu Crne Gore.<br \/>\nMinaret Husein-pa\u0161ine d\u017eamije, koji je visok 42 metra, spada me\u0111u najvi\u0161e na Balkanu. D\u017eamija posjeduje i kolekciju starih rukopisa i knjiga na arapskom i turskom jeziku, kao i rukopis Kur &#8216;ana iz 16. vijeka, bogato ukra\u0161en pozlatom, \u0161to ga \u010dini izuzetno vrijednim i zna\u010dajnim. <\/p>\n<p>U d\u017eamiji se \u010duva stari \u0107ilim iz 1573. godine, koji je Husein-pa\u0161a Boljani\u0107 poslao iz Misira, kada je tamo bio premje\u0161tan za namjesnika, svojoj d\u017eamiji u Taslid\u017ei. Tako\u0111e, u ovoj d\u017eamiji se \u010duva i dlaka iz brade poslanika Muhameda, koja se izla\u017ee u 27. no\u0107i mjeseca ramazana. <\/p>\n<p>U \u010dast jubileja, 450 godina postojanja ove d\u017eamije, Po\u0161ta Crne Gore nedavno je publikovala po\u0161tansku markicu \u201c450 godina Husein-pa\u0161ine d\u017eamije\u201d. <\/p>\n","protected":false},"excerpt":{"rendered":"<p>Ovog mjeseca se obilje\u017eava 450 godina postojanja Husein-pa\u0161ine d\u017eamije u Pljevljima. Rije\u010d je o jednom od najzna\u010dajnijih islamskih objekata na Balkanu, koji po tradiciji i unutra\u0161njem bogatstvu spada u red kulturnog dobra prvog reda, javlja Anadolija. Sagra\u0111ena je 1569. godine, zadu\u017ebina je Husein-pa\u0161e Boljani\u0107a, koji je bio porijeklom iz Boljani\u0107a, kod Pljevalja. Od 1961. godine [&hellip;]<\/p>\n","protected":false},"author":1,"featured_media":0,"comment_status":"open","ping_status":"closed","sticky":false,"template":"","format":"standard","meta":{"_seopress_robots_primary_cat":"","_seopress_titles_title":"","_seopress_titles_desc":"","_seopress_robots_index":"","_et_pb_use_builder":"","_et_pb_old_content":"","_et_gb_content_width":"","inline_featured_image":false,"footnotes":""},"categories":[14,12],"tags":[],"class_list":["post-267695","post","type-post","status-publish","format-standard","hentry","category-vijesti","category-prica-dana"],"_links":{"self":[{"href":"https:\/\/www.pcnen.com\/portal\/wp-json\/wp\/v2\/posts\/267695","targetHints":{"allow":["GET"]}}],"collection":[{"href":"https:\/\/www.pcnen.com\/portal\/wp-json\/wp\/v2\/posts"}],"about":[{"href":"https:\/\/www.pcnen.com\/portal\/wp-json\/wp\/v2\/types\/post"}],"author":[{"embeddable":true,"href":"https:\/\/www.pcnen.com\/portal\/wp-json\/wp\/v2\/users\/1"}],"replies":[{"embeddable":true,"href":"https:\/\/www.pcnen.com\/portal\/wp-json\/wp\/v2\/comments?post=267695"}],"version-history":[{"count":0,"href":"https:\/\/www.pcnen.com\/portal\/wp-json\/wp\/v2\/posts\/267695\/revisions"}],"wp:attachment":[{"href":"https:\/\/www.pcnen.com\/portal\/wp-json\/wp\/v2\/media?parent=267695"}],"wp:term":[{"taxonomy":"category","embeddable":true,"href":"https:\/\/www.pcnen.com\/portal\/wp-json\/wp\/v2\/categories?post=267695"},{"taxonomy":"post_tag","embeddable":true,"href":"https:\/\/www.pcnen.com\/portal\/wp-json\/wp\/v2\/tags?post=267695"}],"curies":[{"name":"wp","href":"https:\/\/api.w.org\/{rel}","templated":true}]}}