{"id":267666,"date":"2019-06-08T21:07:51","date_gmt":"2019-06-08T19:07:51","guid":{"rendered":"http:\/\/www.pcnen.com\/portal\/?p=267666"},"modified":"2019-06-08T21:09:53","modified_gmt":"2019-06-08T19:09:53","slug":"pretezno-suncano-i-toplo-38","status":"publish","type":"post","link":"https:\/\/www.pcnen.com\/portal\/2019\/06\/08\/pretezno-suncano-i-toplo-38\/","title":{"rendered":"Prete\u017eno sun\u010dano i toplo"},"content":{"rendered":"<p><img loading=\"lazy\" decoding=\"async\" class=\"alignright size-full wp-image-167569\" src=\"http:\/\/www.pcnen.com\/portal\/wp-content\/uploads\/2014\/12\/jutro.jpg\" alt=\"\" width=\"300\" height=\"200\" \/>Prete\u017eno sun\u010dano i toplo bi\u0107e u nedjelju u Crnoj Gori.<\/p>\n<p>Po kotlinama na sjeveru zemlje ujutru \u0107e ponegdje biti mogu\u0107a magla.<\/p>\n<p>U planinskim predjelima tokom popodneva rijetka kratkotrajna nestabilnost.<\/p>\n<p>Vjetar sa sjevera \u0107e biti slab do umjeren, ponegdje kratkotrajno i poja\u010dan.<br \/>\nJutarnja temperatura vazduha bi\u0107e u rasponu od 10 do 21, a najvi\u0161a dnevna od 23 do 36 stepeni.<\/p>\n<p>U Podgorici \u0107e biti prete\u017eno sun\u010dano i toplo. Vjetar \u0107e biti umjeren, sjeverni. Jutarnja temperatura vazduha bi\u0107e oko 20, a najvi\u0161a dnevna oko 35 stepeni.<\/p>\n<p><a href=\"http:\/\/www.meteo.co.me\/misc.php?text=121&amp;sektor=1&amp;grad=SAV\">Prognoza za ostale gradove.<\/a><\/p>\n","protected":false},"excerpt":{"rendered":"<p>U planinskim predjelima tokom popodneva rijetka kratkotrajna nestabilnost<\/p>\n","protected":false},"author":1,"featured_media":0,"comment_status":"open","ping_status":"closed","sticky":false,"template":"","format":"standard","meta":{"_seopress_robots_primary_cat":"","_seopress_titles_title":"","_seopress_titles_desc":"","_seopress_robots_index":"","_et_pb_use_builder":"","_et_pb_old_content":"","_et_gb_content_width":"","inline_featured_image":false,"footnotes":""},"categories":[14,12],"tags":[],"class_list":["post-267666","post","type-post","status-publish","format-standard","hentry","category-vijesti","category-prica-dana"],"_links":{"self":[{"href":"https:\/\/www.pcnen.com\/portal\/wp-json\/wp\/v2\/posts\/267666","targetHints":{"allow":["GET"]}}],"collection":[{"href":"https:\/\/www.pcnen.com\/portal\/wp-json\/wp\/v2\/posts"}],"about":[{"href":"https:\/\/www.pcnen.com\/portal\/wp-json\/wp\/v2\/types\/post"}],"author":[{"embeddable":true,"href":"https:\/\/www.pcnen.com\/portal\/wp-json\/wp\/v2\/users\/1"}],"replies":[{"embeddable":true,"href":"https:\/\/www.pcnen.com\/portal\/wp-json\/wp\/v2\/comments?post=267666"}],"version-history":[{"count":0,"href":"https:\/\/www.pcnen.com\/portal\/wp-json\/wp\/v2\/posts\/267666\/revisions"}],"wp:attachment":[{"href":"https:\/\/www.pcnen.com\/portal\/wp-json\/wp\/v2\/media?parent=267666"}],"wp:term":[{"taxonomy":"category","embeddable":true,"href":"https:\/\/www.pcnen.com\/portal\/wp-json\/wp\/v2\/categories?post=267666"},{"taxonomy":"post_tag","embeddable":true,"href":"https:\/\/www.pcnen.com\/portal\/wp-json\/wp\/v2\/tags?post=267666"}],"curies":[{"name":"wp","href":"https:\/\/api.w.org\/{rel}","templated":true}]}}