{"id":267655,"date":"2019-06-08T16:34:46","date_gmt":"2019-06-08T14:34:46","guid":{"rendered":"http:\/\/www.pcnen.com\/portal\/?p=267655"},"modified":"2019-06-08T16:44:52","modified_gmt":"2019-06-08T14:44:52","slug":"dukanovic-predano-cu-raditi-na-obnovi-crnogorske-autokefalne-crkve","status":"publish","type":"post","link":"https:\/\/www.pcnen.com\/portal\/2019\/06\/08\/dukanovic-predano-cu-raditi-na-obnovi-crnogorske-autokefalne-crkve\/","title":{"rendered":"\u0110ukanovi\u0107: Predano \u0107u raditi na obnovi Crnogorske autokefalne crkve"},"content":{"rendered":"<p><img loading=\"lazy\" decoding=\"async\" src=\"http:\/\/www.pcnen.com\/portal\/wp-content\/uploads\/2018\/10\/Milo-Djukanovic-300x204.jpg\" alt=\"\" width=\"300\" height=\"204\" class=\"alignright size-medium wp-image-254495\" \/>Obnova Crnogorske autokefalne crkve je va\u017ean korak u ispravljanju istorijske nepravde, kazao je predsjednik dr\u017eave i lider Demokratske partije socijalista Milo \u0110ukanovi\u0107 u Nik\u0161i\u0107u na op\u0161tinskoj izbornoj konferenciji DPS-a. <\/p>\n<p>Dopadalo se to nekome ili ne, na tom pitanju \u0107e se vrlo predano raditi, poru\u010dio je \u0110ukanovi\u0107, uz ocjenu da Srpska crkva u Crnoj Gori \u010duva infratsrukturu &#8220;Velike Srbije&#8221;.<\/p>\n<p>&#8220;Danas Srpska pravoslavna crkva poku\u0161ava da na bilo koji na\u010din, dakle, kroz razne forme, opstruira ono \u0161to su evropska htjenja i evropske ambicije savremenog crnogorskog dru\u0161tva, \u017eele\u0107i na taj na\u010din da \u010duva vjerski monopol u Crnoj Gori, da opstruira uspostavljanje pravne dr\u017eave i da nastavi da koristi ono \u0161to joj, saglasno pravnom sistemu Crne Gore, ne pripada&#8221;, kazao je \u017dukanovi\u0107.<\/p>\n<p>Pri\u010da o prekograni\u010dnim eparhijama, prema njegovim rije\u010dima, suprotna osnovnim principima organizacije pravoslavlja svuda u svijetu, Srpskoj pravoslavnoj crkvi slu\u017ei da bi \u010duvala infrastrukturu &#8220;Velike Srbije&#8221; u koju oni vjeruju, prenosi RTCG.<\/p>\n<p>&#8220;Jer vjeruju da je Crna Gora gre\u0161kom postala nezavisnai da \u0107e nas vrijeme dovesti do spoznaje te gre\u0161ke i do potrebe da se opet okrenemo izgradnji &#8220;Velike Srbije&#8221;. Moramo svojom postojano\u0161\u0107u, svojom odlu\u010dno\u0161\u0107u, vizionarstvom da im ka\u017eemo da od toga nema ni\u0161ta. Da nema nikakvih gre\u0161aka. Da na\u0161e odluke nijesu gre\u0161ke, da su one vrlo temeljno promi\u0161ljene, da su to gre\u0161ke kojima ispravljamo te\u0161ke istorijske nepravde nane\u0161ene Crnoj Gori i generaciji na\u0161ih predaka&#8221;, kazao je lider DPS-a. <\/p>\n<p>Poru\u010dio je da je ostao jedan va\u017ean korak kojim \u0107emo tako\u0111e ispraviti jednu te\u0161ku nepravdu u\u010dinjenu Crnoj Gori na po\u010detku XX vijeka.<\/p>\n<p>&#8220;A to je obnova Crnogorske autokefalne crkve i da, dopadalo se to nekome ili ne, da \u0107emo na tome vrlo predano raditi jer je to u potpunom dosluhu sa osnovnim principima na kojima po\u010diva demokratska Crna Gora i sa osnovnim programskim na\u010delima Demokratske partije socijalista, kao temeljnog oslonca savremene Crne Gore&#8221;, zaklju\u010dio je \u0110ukanovi\u0107.<\/p>\n","protected":false},"excerpt":{"rendered":"<p>Srpska crkva u Crnoj Gori \u010duva infratsrukturu &#8216;Velike Srbije&#8217;<\/p>\n","protected":false},"author":1,"featured_media":0,"comment_status":"open","ping_status":"closed","sticky":false,"template":"","format":"standard","meta":{"_seopress_robots_primary_cat":"","_seopress_titles_title":"","_seopress_titles_desc":"","_seopress_robots_index":"","_et_pb_use_builder":"","_et_pb_old_content":"","_et_gb_content_width":"","inline_featured_image":false,"footnotes":""},"categories":[14,12],"tags":[],"class_list":["post-267655","post","type-post","status-publish","format-standard","hentry","category-vijesti","category-prica-dana"],"_links":{"self":[{"href":"https:\/\/www.pcnen.com\/portal\/wp-json\/wp\/v2\/posts\/267655","targetHints":{"allow":["GET"]}}],"collection":[{"href":"https:\/\/www.pcnen.com\/portal\/wp-json\/wp\/v2\/posts"}],"about":[{"href":"https:\/\/www.pcnen.com\/portal\/wp-json\/wp\/v2\/types\/post"}],"author":[{"embeddable":true,"href":"https:\/\/www.pcnen.com\/portal\/wp-json\/wp\/v2\/users\/1"}],"replies":[{"embeddable":true,"href":"https:\/\/www.pcnen.com\/portal\/wp-json\/wp\/v2\/comments?post=267655"}],"version-history":[{"count":0,"href":"https:\/\/www.pcnen.com\/portal\/wp-json\/wp\/v2\/posts\/267655\/revisions"}],"wp:attachment":[{"href":"https:\/\/www.pcnen.com\/portal\/wp-json\/wp\/v2\/media?parent=267655"}],"wp:term":[{"taxonomy":"category","embeddable":true,"href":"https:\/\/www.pcnen.com\/portal\/wp-json\/wp\/v2\/categories?post=267655"},{"taxonomy":"post_tag","embeddable":true,"href":"https:\/\/www.pcnen.com\/portal\/wp-json\/wp\/v2\/tags?post=267655"}],"curies":[{"name":"wp","href":"https:\/\/api.w.org\/{rel}","templated":true}]}}