{"id":267589,"date":"2019-06-07T11:14:36","date_gmt":"2019-06-07T09:14:36","guid":{"rendered":"http:\/\/www.pcnen.com\/portal\/?p=267589"},"modified":"2019-06-07T11:14:36","modified_gmt":"2019-06-07T09:14:36","slug":"poslanik-dps-vukovic-dobio-prijetece-pismo","status":"publish","type":"post","link":"https:\/\/www.pcnen.com\/portal\/2019\/06\/07\/poslanik-dps-vukovic-dobio-prijetece-pismo\/","title":{"rendered":"Poslanik DPS Vukovi\u0107 dobio prijete\u0107e pismo"},"content":{"rendered":"<p><img loading=\"lazy\" decoding=\"async\" class=\"size-medium wp-image-226983 alignleft\" src=\"http:\/\/www.pcnen.com\/portal\/wp-content\/uploads\/2017\/05\/miodrag-vukovic-300x175.jpg\" alt=\"\" width=\"300\" height=\"175\" \/>Poslanik i dugogodi\u0161nji visoki funkcioner Demokratske vladaju\u0107e Miodrag Vukovi\u0107 je dobio prijete\u0107e pismo, na adresu Skup\u0161tine Crne Gore, a pismo je navodno upu\u0107eno iz Beograda. On je podgori\u010dkom listu Dan rekao da je dao izjavu policiji, koja istra\u017euje slu\u010daj.<\/p>\n<p>Prema navodima samog Vukovi\u0107a, u pismu pi\u0161e da je &#8220;izvesna osoba iz glavnog grada Srbije anga\u017eovala bandu u Novoj Varo\u0161i \u010diji \u010dlanovi treba da pre\u0111u crnogorsku granicu i povrijede njega i \u010dlanove njegove porodice&#8221;.<\/p>\n<p>&#8220;Nijesam upla\u0161en, ali jesam zaista zabrinut. Tokom razgovora sa policijskim slu\u017ebenicima zajedno smo konstatovali da je vrag odnio \u0161alu. Poznati su moji stavovi i ocjene o procesima u zemlji i regionu, u parlamentu sam 30 godina i nije prvi put da se atakuje na mene&#8221;, kazao je Vukovi\u0107.<\/p>\n","protected":false},"excerpt":{"rendered":"<p> &#8220;Nijesam upla\u0161en, ali jesam zaista zabrinut&#8230;&#8221;<\/p>\n","protected":false},"author":1,"featured_media":0,"comment_status":"open","ping_status":"closed","sticky":false,"template":"","format":"standard","meta":{"_seopress_robots_primary_cat":"","_seopress_titles_title":"","_seopress_titles_desc":"","_seopress_robots_index":"","_et_pb_use_builder":"","_et_pb_old_content":"","_et_gb_content_width":"","inline_featured_image":false,"footnotes":""},"categories":[14,12],"tags":[],"class_list":["post-267589","post","type-post","status-publish","format-standard","hentry","category-vijesti","category-prica-dana"],"_links":{"self":[{"href":"https:\/\/www.pcnen.com\/portal\/wp-json\/wp\/v2\/posts\/267589","targetHints":{"allow":["GET"]}}],"collection":[{"href":"https:\/\/www.pcnen.com\/portal\/wp-json\/wp\/v2\/posts"}],"about":[{"href":"https:\/\/www.pcnen.com\/portal\/wp-json\/wp\/v2\/types\/post"}],"author":[{"embeddable":true,"href":"https:\/\/www.pcnen.com\/portal\/wp-json\/wp\/v2\/users\/1"}],"replies":[{"embeddable":true,"href":"https:\/\/www.pcnen.com\/portal\/wp-json\/wp\/v2\/comments?post=267589"}],"version-history":[{"count":0,"href":"https:\/\/www.pcnen.com\/portal\/wp-json\/wp\/v2\/posts\/267589\/revisions"}],"wp:attachment":[{"href":"https:\/\/www.pcnen.com\/portal\/wp-json\/wp\/v2\/media?parent=267589"}],"wp:term":[{"taxonomy":"category","embeddable":true,"href":"https:\/\/www.pcnen.com\/portal\/wp-json\/wp\/v2\/categories?post=267589"},{"taxonomy":"post_tag","embeddable":true,"href":"https:\/\/www.pcnen.com\/portal\/wp-json\/wp\/v2\/tags?post=267589"}],"curies":[{"name":"wp","href":"https:\/\/api.w.org\/{rel}","templated":true}]}}