{"id":267489,"date":"2019-06-05T20:24:58","date_gmt":"2019-06-05T18:24:58","guid":{"rendered":"http:\/\/www.pcnen.com\/portal\/?p=267489"},"modified":"2019-06-06T05:50:53","modified_gmt":"2019-06-06T03:50:53","slug":"kratkotrajne-kise-i-grmljavine-samo-ponegdje","status":"publish","type":"post","link":"https:\/\/www.pcnen.com\/portal\/2019\/06\/05\/kratkotrajne-kise-i-grmljavine-samo-ponegdje\/","title":{"rendered":"Kratkotrajna ki\u0161a i grmljavina samo ponegdje"},"content":{"rendered":"<p><img loading=\"lazy\" decoding=\"async\" class=\" wp-image-185788 alignleft\" src=\"http:\/\/www.pcnen.com\/portal\/wp-content\/uploads\/2015\/07\/zalazak-300x200.jpg\" alt=\"\" width=\"240\" height=\"160\" \/>U \u010detvrtak \u0107e biti promjenljivo obla\u010dno sa du\u017eim sun\u010danim intervalima.<\/p>\n<p>Bi\u0107e uslova za kratkotrajnu ki\u0161u i grmljavinu ponegdje, prvenstveno u kontinentalnim oblastima Crne Gore.<\/p>\n<p>Vjetar ju\u017eni bi\u0107e uglavnom slab do umjeren.<\/p>\n<p>Jutarnja temperatura vazduha bi\u0107e u rasponu od 9 do 17, a najvi\u0161a dnevna od 18 do 28 stepeni.<\/p>\n<p>U Podgorici \u0107e biti promjenljivo obla\u010dno sa du\u017eim sun\u010danim intervalima i uglavnom bez padavina. Ju\u017eni i jugoisto\u010dni vjetar bi\u0107e slab do umjeren. Jutarnja temperatura vazduha bi\u0107e oko 17, a najvi\u0161a dnevna oko 27 stepeni.<\/p>\n<p><a href=\"http:\/\/www.meteo.co.me\/misc.php?text=121&amp;sektor=1&amp;grad=KOL\">Prognoza za ostale gradove.<\/a><\/p>\n","protected":false},"excerpt":{"rendered":"<p>Vjetar ju\u017eni bi\u0107e uglavnom slab do umjeren<\/p>\n","protected":false},"author":1,"featured_media":0,"comment_status":"open","ping_status":"closed","sticky":false,"template":"","format":"standard","meta":{"_seopress_robots_primary_cat":"","_seopress_titles_title":"","_seopress_titles_desc":"","_seopress_robots_index":"","_et_pb_use_builder":"","_et_pb_old_content":"","_et_gb_content_width":"","inline_featured_image":false,"footnotes":""},"categories":[14,12],"tags":[],"class_list":["post-267489","post","type-post","status-publish","format-standard","hentry","category-vijesti","category-prica-dana"],"_links":{"self":[{"href":"https:\/\/www.pcnen.com\/portal\/wp-json\/wp\/v2\/posts\/267489","targetHints":{"allow":["GET"]}}],"collection":[{"href":"https:\/\/www.pcnen.com\/portal\/wp-json\/wp\/v2\/posts"}],"about":[{"href":"https:\/\/www.pcnen.com\/portal\/wp-json\/wp\/v2\/types\/post"}],"author":[{"embeddable":true,"href":"https:\/\/www.pcnen.com\/portal\/wp-json\/wp\/v2\/users\/1"}],"replies":[{"embeddable":true,"href":"https:\/\/www.pcnen.com\/portal\/wp-json\/wp\/v2\/comments?post=267489"}],"version-history":[{"count":0,"href":"https:\/\/www.pcnen.com\/portal\/wp-json\/wp\/v2\/posts\/267489\/revisions"}],"wp:attachment":[{"href":"https:\/\/www.pcnen.com\/portal\/wp-json\/wp\/v2\/media?parent=267489"}],"wp:term":[{"taxonomy":"category","embeddable":true,"href":"https:\/\/www.pcnen.com\/portal\/wp-json\/wp\/v2\/categories?post=267489"},{"taxonomy":"post_tag","embeddable":true,"href":"https:\/\/www.pcnen.com\/portal\/wp-json\/wp\/v2\/tags?post=267489"}],"curies":[{"name":"wp","href":"https:\/\/api.w.org\/{rel}","templated":true}]}}