{"id":267469,"date":"2019-06-05T13:34:21","date_gmt":"2019-06-05T11:34:21","guid":{"rendered":"http:\/\/www.pcnen.com\/portal\/?p=267469"},"modified":"2019-06-05T19:58:28","modified_gmt":"2019-06-05T17:58:28","slug":"grcka-od-njemacke-traze-376-milijardi-ratne-odstete","status":"publish","type":"post","link":"https:\/\/www.pcnen.com\/portal\/2019\/06\/05\/grcka-od-njemacke-traze-376-milijardi-ratne-odstete\/","title":{"rendered":"Gr\u010dka od Njema\u010dke tra\u017ee 376 milijardi ratne od\u0161tete"},"content":{"rendered":"<p><img loading=\"lazy\" decoding=\"async\" class=\"alignright size-medium wp-image-172909\" src=\"http:\/\/www.pcnen.com\/portal\/wp-content\/uploads\/2015\/02\/EU_Grcka-300x187.jpg\" alt=\"\" width=\"300\" height=\"187\" \/>Gr\u010dka je od Njema\u010dke zatra\u017eila ratnu od\u0161tetu u visini od 376 milijardi eura, pi\u0161e danas Bild.<\/p>\n<p>Zahtjev je, kako tvrdi list, ju\u010de predat Ministarstvu inostranih poslova Njema\u010dke, a u noti se isti\u010de da gr\u010dka vlada tra\u017ei pregovore o tome kako pitanja i dalje otvorene ratne od\u0161tete za Prvi i Drugi svjetski rat mo\u017ee biti rije\u0161eno\u201c.<\/p>\n<p>Tokom okupacije Gr\u010dke od strane nacisti\u010dke Njema\u010dke od aprila 1941.do septembra 1944. ubijeno je oko 300.000 Grka.<\/p>\n<p>Gr\u010dka od Njema\u010dke zahtijeva 171,4 milijardi eura na osnovu ukupne potra\u017enje zbog razaranja infrastrukture.<\/p>\n<p>Daljih 10,3 milijardi eura Atina zahtijeva kao obe\u0161te\u0107enje za prisilne kredite koje je Gr\u010dka morala dati Njema\u010dkoj za vrijeme okupacije.<\/p>\n<p>Pored toga zahtijeva se i 33,8 milijardi eura na osnovu gubitaka dr\u017eavnih resursa, kao i 53,8 milijardi eura obe\u0161te\u0107enja za gubitak proizvodnje industrije tokom okupacije.<\/p>\n<p>U rezoluciji gr\u010dkog parlamenta po prvi put se pominju i individualna potra\u017eivanja, a komisija koja se bavila obe\u0161te\u0107enjem, isti\u010de da treba da se obe\u0161tete nasljednici 120.000 ljudi koji su tokom ratnih desjatava ubijeni ili su umrli u logorima, \u0161to Njema\u010dku mo\u017ee ko\u0161tati 15,1 milijardu eura, prenosi Tanjug.<\/p>\n<p>Druga mogu\u0107nost individualnog obe\u0161te\u0107enja, koju komisija predla\u017ee, ti\u010de se svih civila koji su umrli tokom okupacije.<\/p>\n<p>Prema podacima sa Pariske konferencije iz 1946. godine bilo je 558.000 mrtvih i 880.000 osoba koje su na osnovu ratnih povreda postali invalidi.<\/p>\n<p>Predla\u017ee se obe\u0161te\u0107enje u vidu mjese\u010dnih isplata u visini od 700 eura u periodu od 15 godina za preminule, i 700 eura mjese\u010dno u periodu od pet godina za ratne invalide.<\/p>\n<p>Ta druga varijanta ko\u0161tala bi Njema\u010dku 107,2 milijardi eura.<\/p>\n","protected":false},"excerpt":{"rendered":"<p>Gr\u010dka je od Njema\u010dke zatra\u017eila ratnu od\u0161tetu u visini od 376 milijardi eura, pi\u0161e danas Bild. Zahtjev je, kako tvrdi list, ju\u010de predat Ministarstvu inostranih poslova Njema\u010dke, a u noti se isti\u010de da gr\u010dka vlada tra\u017ei pregovore o tome kako pitanja i dalje otvorene ratne od\u0161tete za Prvi i Drugi svjetski rat mo\u017ee biti rije\u0161eno\u201c. [&hellip;]<\/p>\n","protected":false},"author":1,"featured_media":0,"comment_status":"open","ping_status":"closed","sticky":false,"template":"","format":"standard","meta":{"_seopress_robots_primary_cat":"","_seopress_titles_title":"","_seopress_titles_desc":"","_seopress_robots_index":"","_et_pb_use_builder":"","_et_pb_old_content":"","_et_gb_content_width":"","inline_featured_image":false,"footnotes":""},"categories":[14,12],"tags":[],"class_list":["post-267469","post","type-post","status-publish","format-standard","hentry","category-vijesti","category-prica-dana"],"_links":{"self":[{"href":"https:\/\/www.pcnen.com\/portal\/wp-json\/wp\/v2\/posts\/267469","targetHints":{"allow":["GET"]}}],"collection":[{"href":"https:\/\/www.pcnen.com\/portal\/wp-json\/wp\/v2\/posts"}],"about":[{"href":"https:\/\/www.pcnen.com\/portal\/wp-json\/wp\/v2\/types\/post"}],"author":[{"embeddable":true,"href":"https:\/\/www.pcnen.com\/portal\/wp-json\/wp\/v2\/users\/1"}],"replies":[{"embeddable":true,"href":"https:\/\/www.pcnen.com\/portal\/wp-json\/wp\/v2\/comments?post=267469"}],"version-history":[{"count":0,"href":"https:\/\/www.pcnen.com\/portal\/wp-json\/wp\/v2\/posts\/267469\/revisions"}],"wp:attachment":[{"href":"https:\/\/www.pcnen.com\/portal\/wp-json\/wp\/v2\/media?parent=267469"}],"wp:term":[{"taxonomy":"category","embeddable":true,"href":"https:\/\/www.pcnen.com\/portal\/wp-json\/wp\/v2\/categories?post=267469"},{"taxonomy":"post_tag","embeddable":true,"href":"https:\/\/www.pcnen.com\/portal\/wp-json\/wp\/v2\/tags?post=267469"}],"curies":[{"name":"wp","href":"https:\/\/api.w.org\/{rel}","templated":true}]}}