{"id":267440,"date":"2019-06-05T07:11:54","date_gmt":"2019-06-05T05:11:54","guid":{"rendered":"http:\/\/www.pcnen.com\/portal\/?p=267440"},"modified":"2019-10-09T22:45:54","modified_gmt":"2019-10-09T20:45:54","slug":"igra-malih-i-velikih-brojki","status":"publish","type":"post","link":"https:\/\/www.pcnen.com\/portal\/2019\/06\/05\/igra-malih-i-velikih-brojki\/","title":{"rendered":"Igra malih i velikih brojki"},"content":{"rendered":"<p>Pi\u0161em ovaj tekst za blog podstaknut informacijom dana, koja ka\u017ee da 120 000 \u010ceha protestuje protiv njihovog premijera i ministarke zbog korupciona\u0161ke afere. I fejsbukovci su odu\u0161evljeni ogromnim brojem protestanata u \u010ce\u0161koj. Vjerujem da je i na\u0161 tzv. Javni servis \u2013 kojeg ne gledam, prenio tu informaciju kao jednu od udarnih.<\/p>\n<p>Premijer \u010ce\u0161ke Babi\u0161 je izjavio: \u201cIzvje\u0161taj je veoma sumnjiv, smatram da je to napad na \u010ce\u0161ku, destabilizacija \u010ce\u0161ke. Garantujem vam da ne\u0107ete morati da pla\u0107ate ni\u0161ta. Kada ne umijete da nas porazite na izborima poku\u0161avate da nas uprljate\u201d.<\/p>\n<p>Zvu\u010di li vam poznato?<\/p>\n<p>U Crnoj Gori 4 mjeseca traju protesti zbog serije korupciona\u0161kih afera u kojim je umije\u0161an predsjednik dr\u017eave. \u201cKoverat\u201d nam je jasnim i nedvosmislenim snimkom pokazao kako se kupuju izbori kod nas. Svjedo\u010denja Du\u0161ka Kne\u017eevi\u0107a o tajnom ra\u010dunu na Kipru predsjednika dr\u017eave, te dugu na mito-kartici od 17000 eura istog tog predsjednika, tako\u0111e su nepobitno dokazani i javno priznati.<\/p>\n<p>Krenuli su protesti koji su trajali 4 mjeseca i na kojima se u jednom trenutku okupilo oko 350 000 gra\u0111ana. Da, dobro ste pro\u010ditali \u2013 oko 350 000 ljudi!<\/p>\n<p>Da pojasnim:<\/p>\n<p>\u010ce\u0161ka ima ne\u0161to vi\u0161e od 10 miliona stanovnika, Crna Gora malo vi\u0161e od 600 hiljada. U jednom trenutku na protestima kod nas je bilo oko 20 000 gra\u0111ana. Kako Crna Gora ima 18 puta manje stanovnika od \u010ce\u0161ke, tih 20 000 je ekvivalent za 350 000 demonstranata u \u010ce\u0161koj.<\/p>\n<p>Siguran sam &#8211; a vrijeme \u0107e to pokazati, da \u0107e \u010ce\u0161ki premijer ubrzo podnijeti ostavku. Vjerujem i cijela njihova Vlada.<\/p>\n<p>Na\u0161 predsjednik nije. Ni vlada. Uprkos tolikom broju demonstranata.<\/p>\n<p>Obrazlo\u017eenja razloga za protest na\u0161ih zvani\u010dnika su bila sli\u010dna onim zvani\u010dnika u \u010ce\u0161koj. Tj. fantasti\u010dnija nego kod njih: zavjera protiv dr\u017eave, euroatlanskih integracija; protesti su instruirani i finansirani sa strane &#8211; sa Istoka, a u cilju destabilizacije zemlje\u2026 I na\u0161a vlada kao i \u010ce\u0161ka poziva se na promjenu vlasti jedino putem (koverta ili kuverta) izbora.<\/p>\n<p>Crnogorskim protestima, neuporedivo ve\u0107im nego ovim u \u010ce\u0161koj &#8211; ponavljam to, osnovni motiv je bio borba protiv korupcija, zarobljenosti institucija, zahtjev za fer i po\u0161tene izbore, vladavinu prava. Upravo to je notirano kao najve\u0107i problem Crne Gore u izvje\u0161taju Evropske komisije. Dakle, protesti su bili upravo na fonu kasnije iza\u0161lih \u00a0preporuka EU.<\/p>\n<p>Protesti u \u010ce\u0161koj su izbili tek nakon izvje\u0161taja Evropske komisije o korupciji i sukobu interesa u vladi \u010ce\u0161ke!<\/p>\n<p>Me\u0111utim, mala i nebitna Crna Gora sa svojih 20 000 demonstranata nije zavrijedila pa\u017enju svjetskih centara ni pribli\u017eno kao tri put manje masovni protesti u \u010ce\u0161koj. A evropski zvani\u010dnici na \u010delu sa predsjednikom Francuske Makronom i kancelarkom Njema\u010dke Angelom Merkel, u jeku protesta, su primili nosioca korupcije u Crnoj Gori \u0110ukanovi\u0107a. I rukovali se sa njim na crvenom tepihu.<\/p>\n<p>Ba\u0161 me interesuje da li bi neko do njih, sada, dok traju protesti u \u010ce\u0161koj protiv njega, imao smjelosti da primi Babi\u0161a?<\/p>\n<p>Uz sve to, SAD su, tako\u0111e u jeku protesta, \u010dak odale zvani\u010dno priznanje crnogorskom pravosu\u0111u za \u201chrabrost i posve\u0107enost\u201d, zbog prvostepene, nepravosna\u017ene presude u aferi dr\u017eavni udar. Koja je, svima nama u Crnoj Gori koji smo pratili su\u0111enje bila smije\u0161na \u2013 jer nije dokazana. A da li je ne\u010deg tu bilo ili nije, ostaje jedino da se spekuli\u0161e.<\/p>\n<p>Zanimljivo je i slede\u0107e.<\/p>\n<p>Evropska komisija je bila na ivici demantija zvani\u010dne posjete delegacije protesta &#8216;Odupri se&#8217; Briselu, a ispostavilo se da su zahtjevi gra\u0111ana sa protesta bili skoro identi\u010dni onim koje je ista ta Komisija kroz izvje\u0161taj koji je upravo stigao notirala kao problem Crne Gore u pristupnim pregovorima.<\/p>\n<p>Poslije svega, jedino nam ostaje da budemo ludi, zbunjeni i (ne)normalni. \u0160to i jesmo. Nevolja nam je.<\/p>\n","protected":false},"excerpt":{"rendered":"<p>Pi\u0161e: Omer \u0160ARKI\u0106<\/p>\n","protected":false},"author":12,"featured_media":0,"comment_status":"open","ping_status":"closed","sticky":false,"template":"","format":"standard","meta":{"_seopress_robots_primary_cat":"","_seopress_titles_title":"","_seopress_titles_desc":"","_seopress_robots_index":"","_et_pb_use_builder":"","_et_pb_old_content":"","_et_gb_content_width":"","inline_featured_image":false,"footnotes":""},"categories":[17],"tags":[],"class_list":["post-267440","post","type-post","status-publish","format-standard","hentry","category-blogovi"],"_links":{"self":[{"href":"https:\/\/www.pcnen.com\/portal\/wp-json\/wp\/v2\/posts\/267440","targetHints":{"allow":["GET"]}}],"collection":[{"href":"https:\/\/www.pcnen.com\/portal\/wp-json\/wp\/v2\/posts"}],"about":[{"href":"https:\/\/www.pcnen.com\/portal\/wp-json\/wp\/v2\/types\/post"}],"author":[{"embeddable":true,"href":"https:\/\/www.pcnen.com\/portal\/wp-json\/wp\/v2\/users\/12"}],"replies":[{"embeddable":true,"href":"https:\/\/www.pcnen.com\/portal\/wp-json\/wp\/v2\/comments?post=267440"}],"version-history":[{"count":0,"href":"https:\/\/www.pcnen.com\/portal\/wp-json\/wp\/v2\/posts\/267440\/revisions"}],"wp:attachment":[{"href":"https:\/\/www.pcnen.com\/portal\/wp-json\/wp\/v2\/media?parent=267440"}],"wp:term":[{"taxonomy":"category","embeddable":true,"href":"https:\/\/www.pcnen.com\/portal\/wp-json\/wp\/v2\/categories?post=267440"},{"taxonomy":"post_tag","embeddable":true,"href":"https:\/\/www.pcnen.com\/portal\/wp-json\/wp\/v2\/tags?post=267440"}],"curies":[{"name":"wp","href":"https:\/\/api.w.org\/{rel}","templated":true}]}}