{"id":267438,"date":"2019-06-05T07:10:40","date_gmt":"2019-06-05T05:10:40","guid":{"rendered":"http:\/\/www.pcnen.com\/portal\/?p=267438"},"modified":"2019-06-04T22:17:28","modified_gmt":"2019-06-04T20:17:28","slug":"spin-i-prekomerna-upotreba-sile","status":"publish","type":"post","link":"https:\/\/www.pcnen.com\/portal\/2019\/06\/05\/spin-i-prekomerna-upotreba-sile\/","title":{"rendered":"Spin i prekomerna upotreba sile"},"content":{"rendered":"<p><strong><img loading=\"lazy\" decoding=\"async\" class=\"alignright size-medium wp-image-69444\" src=\"http:\/\/www.pcnen.com\/portal\/wp-content\/uploads\/2011\/12\/Kosova-300x225.jpg\" alt=\"\" width=\"300\" height=\"225\" \/>Pi\u0161e: Slobodan Georgiev<\/strong><\/p>\n<p>Za\u0161to se Pri\u0161tina odlu\u010dila da ba\u0161 u danu kada se u skup\u0161tini Srbije govori o situaciji na KiM na inicijativu Aleksandra Vu\u010di\u0107a osna\u017ei njegovu najavu da se sprema odmazda prema Srbima?<\/p>\n<p>Sedam dana posle dramati\u010dnih scena sa puteva na Severu Kosova kada su pri\u0161tinske specijalne policijske jedinice hapsile korumpirane policajce iz Kosovske policije, plus Srbe, koji su se na\u0161li na putu i poku\u0161avali da blokiraju prilaze Zubinom Potoku i drugim mestima, nije jasno zbog \u010dega se takva akcija uop\u0161te dogodila.<\/p>\n<p>Uprkos tome, svi akteri su se o tome izjasnili: Pri\u0161tina je rekla da je to legitimna policijska akcija koja je deo op\u0161te borbe protiv kriminala i korupcije; Beograd je rekao da je to bila najavljena odmazda protiv Srba sa \u017eeljom da ih se zastra\u0161i i po\u0161alje im se poruka da im nije mesto na KiM; KFOR je rekao da je to bila najavljena policijska akcija i da zato nije bilo potrebe da se interveni\u0161e u trenucima kada je do\u0161lo do sukoba izme\u0111u specijalaca i lokalnog stanovni\u0161tva.<\/p>\n<p>Na kraju, pohap\u0161eni su Srbi, Albanci i Bo\u0161njaci \u2013 pripadnici KP-a, osumnji\u010deni da su deo nekakve organizovane kriminalne grupe, neki Srbi su gadno pretu\u010deni \u201ena pravdi boga\u201c (tako izgleda iz Beograda), a najve\u0107a se \u201efrka\u201c digla oko nekog Rusa koji je pripadnik UNMIK administracije.<\/p>\n<p>Za njega Ramu\u0161 Haradinaj veli da je ruski \u0161pijun i da mu nema povratka, a Rusi tvrde da je neverovatno da bude napadnut neko iz snaga koje zapravo upravljaju Kosovom na osnovu Rezolucije 1244.<\/p>\n<p>U zbiru, neki su gra\u0111ani pohap\u0161eni zato \u0161to su se zadesili na mestu na kome se na\u0161la agresivna kosovska policija, drugi su pohap\u0161eni zato \u0161to se sumnja da su kriminalci u uniformi, a svi se nekako sla\u017eu da bi ovaj doga\u0111aj mogao da ima dalekose\u017ene posledice kada je re\u010d o daljim odnosima Beograda i Pri\u0161tine.<\/p>\n<p>Dve nedelje ranije o tome je govorio Vu\u010di\u0107 koji je najavljivao da \u0107e neki Srbi biti uhap\u0161eni da bi se poslala poruka da Srbi moraju da se pokore Pri\u0161tini. O\u010devidno je imao neke informacije iz istraga koje se vode na Kosovu i to nije \u010dudo jer je nekoliko meseci ranije mahao papirima iz istrage ubistva Olivera Ivanovi\u0107a koji su poslu\u017eili za napad na Radu Trajkovi\u0107.<\/p>\n<p>O\u010devidno, ili su srpske slu\u017ebe \u201eizbu\u0161ile\u201c kosovarsku bezbednosnu zajednicu, ili Beograd i Pri\u0161tina rade po dogovoru \u2013 \u0161to se odlu\u010dno odbacuje sa ga\u0111enjem.<\/p>\n<p>\u010cinjenica je, i sada da probamo da damo neko zna\u010denje ovom doga\u0111aju, da je ta akcija pri\u0161tinskih specijalaca dobrodo\u0161la i Beogradu i Pri\u0161tini.<\/p>\n<p>Beograd mo\u017ee da govori svojim bira\u010dima, evo, \u0161ta smo vam rekli, sve znamo i najavili smo, zato nema \u010dekanja, moramo ne\u0161to da uradimo da bismo \u201eza\u0161titili na\u0161e ljude\u201c, a Pri\u0161tini je akcija poslu\u017eila da pokrije aferu nastalu hap\u0161enjem najpoznatijeg kosovskog kriminalca Osmanija koji se dovodi u vezu sa vrhom pri\u0161tinske uprave.<\/p>\n<p>Dakle, Beograd je pokazao da su mu \u201eslutnje\u201c opravdane a Pri\u0161tina se sklonila od neprijatne teme: Umesto da javnost u Pri\u0161tini krene da govori o tome kako su vode\u0107i ljudi ume\u0161ani u organizovani kriminal, pri\u010da se o tome \u0161ta se desilo na Severu ili, jo\u0161 bolje, kako ih je samo izvre\u0111ala srpska premijerka Ana Brnabi\u0107 u nastavku te nedelje kada je pri\u0161tinsko vo\u0111stvo ocenila kao ljude iz \u0161ume, kriminalce i teroriste.<\/p>\n<p>Kao i u nekim drugim slu\u010dajevima, sve je izgledalo kao pokazna ve\u017eba: pri\u0161tinska administracija testirala je svoje najbolje policijske snage, Srbija je testirala sposobnost Srba da naprave neke blokade u nameri da demonstriraju valjda da Sever Kosova nije albanski.<\/p>\n<p>Pri\u0161tina je muvu tukla iz topa, Srbi koji su par dana pre toga sa kosovskim li\u010dnim kartama u\u010destvovali na kosovskim izborima, hteli su da poka\u017eu da je to Srbija.<\/p>\n<p>Podignuta je temperatura umesto da se \u201estvar\u201c vodi ka nekom smirivanju i re\u0161avanju, a za\u0161to se to radi te\u0161ko je odgonetnuti.<\/p>\n<p>Pri\u0161tina zna \u0161ta ho\u0107e a Srbija se izja\u0161njava u simbolima i metaforama. Slutim kakav \u0107e rezultat biti na kraju u tom sukobu racionalnosti i podgrejanih mitova.<\/p>\n<p><a href=\"https:\/\/kossev.info\/spin-i-prekomerna-upotreba-sile\/\">KosSev<\/a><\/p>\n","protected":false},"excerpt":{"rendered":"<p>Pri\u0161tina je muvu tukla iz topa, Srbi koji su par dana pre toga sa kosovskim li\u010dnim kartama u\u010destvovali na kosovskim izborima, hteli su da poka\u017eu da je to Srbija<\/p>\n","protected":false},"author":1,"featured_media":69444,"comment_status":"open","ping_status":"closed","sticky":false,"template":"","format":"standard","meta":{"_seopress_robots_primary_cat":"","_seopress_titles_title":"","_seopress_titles_desc":"","_seopress_robots_index":"","_et_pb_use_builder":"","_et_pb_old_content":"","_et_gb_content_width":"","inline_featured_image":false,"footnotes":""},"categories":[5],"tags":[],"class_list":["post-267438","post","type-post","status-publish","format-standard","has-post-thumbnail","hentry","category-drugi-pisu"],"_links":{"self":[{"href":"https:\/\/www.pcnen.com\/portal\/wp-json\/wp\/v2\/posts\/267438","targetHints":{"allow":["GET"]}}],"collection":[{"href":"https:\/\/www.pcnen.com\/portal\/wp-json\/wp\/v2\/posts"}],"about":[{"href":"https:\/\/www.pcnen.com\/portal\/wp-json\/wp\/v2\/types\/post"}],"author":[{"embeddable":true,"href":"https:\/\/www.pcnen.com\/portal\/wp-json\/wp\/v2\/users\/1"}],"replies":[{"embeddable":true,"href":"https:\/\/www.pcnen.com\/portal\/wp-json\/wp\/v2\/comments?post=267438"}],"version-history":[{"count":0,"href":"https:\/\/www.pcnen.com\/portal\/wp-json\/wp\/v2\/posts\/267438\/revisions"}],"wp:featuredmedia":[{"embeddable":true,"href":"https:\/\/www.pcnen.com\/portal\/wp-json\/wp\/v2\/media\/69444"}],"wp:attachment":[{"href":"https:\/\/www.pcnen.com\/portal\/wp-json\/wp\/v2\/media?parent=267438"}],"wp:term":[{"taxonomy":"category","embeddable":true,"href":"https:\/\/www.pcnen.com\/portal\/wp-json\/wp\/v2\/categories?post=267438"},{"taxonomy":"post_tag","embeddable":true,"href":"https:\/\/www.pcnen.com\/portal\/wp-json\/wp\/v2\/tags?post=267438"}],"curies":[{"name":"wp","href":"https:\/\/api.w.org\/{rel}","templated":true}]}}