{"id":267414,"date":"2019-06-04T12:34:10","date_gmt":"2019-06-04T10:34:10","guid":{"rendered":"http:\/\/www.pcnen.com\/portal\/?p=267414"},"modified":"2019-06-04T12:35:29","modified_gmt":"2019-06-04T10:35:29","slug":"odupri-se-ide-do-strazbura-protiv-neustavnog-izbora-predsjednice-vscg","status":"publish","type":"post","link":"https:\/\/www.pcnen.com\/portal\/2019\/06\/04\/odupri-se-ide-do-strazbura-protiv-neustavnog-izbora-predsjednice-vscg\/","title":{"rendered":"&#8216;Odupri se&#8217; ide do Strazbura protiv neustavnog izbora predsjednice VSCG"},"content":{"rendered":"<p><img loading=\"lazy\" decoding=\"async\" class=\"alignright size-full wp-image-69030\" src=\"http:\/\/www.pcnen.com\/portal\/wp-content\/uploads\/2011\/12\/Vesna-Medenica.jpg\" alt=\"\" width=\"276\" height=\"183\" \/>Gra\u0111anski pokret &#8216;Odupri se&#8217; se oglasio danas saop\u0161tenjem da se pridru\u017euje \u201conom dijelu stru\u010dne javnosti koji ima slobode da digne glas protiv o\u010diglednog ga\u017eenja Ustava Crne Gore u slu\u010daju tre\u0107eg uzastopnog izbora Vesne Medenice za predsjednicu Vrhovnog suda\u201c.<\/p>\n<p>\u201cMi, gra\u0111ani Crne Gore, imamo pravo na su\u0111enje pred nezavisnim, nepristrasnim i zakonom ustanovljenim sudom, \u0161to podrazumijeva da i izbor sudija bude u skladu sa zakonom, a prije svega izbor predsjednika Vrhovnog suda. Sud ne mo\u017ee biti nezavisan i samostalan ako su sudije izabrane protivustavno. Gra\u0111ani ne mogu o\u010dekivati jednakost pred zakonom ako je izbor predsjednika Vrhovnog suda suprotan jednoj tako jasnoj imperativnoj normi.<\/p>\n<p>Zato obe\u0107avamo gospodi iz Sudskog savjeta da im ovo ne\u0107e pro\u0107i.<\/p>\n<p>Ne\u0107emo dozvoliti da se na \u010delo sudske vlasti bira lice koje je ve\u0107 dva puta birano za predsjednika Vrhovnog suda i koje tu funkciju obavlja ve\u0107 12 godina. Razobli\u010di\u0107emo ovo kr\u0161enje Ustava u re\u017eiji onih koji su najpozvaniji da ga \u0161tite, jer Ustav nije napisan da bi se u njemu tra\u017eile rupe i izigravale zabrane.<\/p>\n<p>U okviru pravnog poretka zapo\u010de\u0107emo postupke koji \u0107e nas legitimisati da ovaj slu\u010daj iznesemo pred sud u Strazburu. Vjerujemo da ovakav slu\u010daj do sada nisu imali u svojoj bogatoj praksi.<\/p>\n<p>Zbog toga pozivamo sve stru\u010dne asocijacije i pojedince, prije svega udru\u017eenja pravnika i Advokatsku komoru Crne Gore da se javno distanciraju od pripremljenog udara na vladavinu prava u re\u017eiji Sudskog savjeta\u201c, poru\u010dili su iz pokreta &#8216;Odupri se&#8217;.<\/p>\n<p>Ranije je 11 nevladinih organizacija zatra\u017eilo od predsjednika Sudskog savjeta Mladena Vuk\u010devi\u0107a zatra\u017eilo da se izbor predsjednika Vrhovnog suda, ali i osnovnih sudova <a href=\"http:\/\/www.pcnen.com\/portal\/2019\/05\/31\/protivimo-se-takvom-tumacenju-ustava-crne-gore-i-zakona-o-sudskom-savjetu-i-sudijama\/\">ne radi protivustavno<\/a>.<\/p>\n<p>Savjet je to <a href=\"http:\/\/www.pcnen.com\/portal\/2019\/06\/03\/sudski-savjet-izabrao-nove-i-nove-stare-predsjednike-sudova\/\">ve\u0107 u\u010dinio<\/a> u slu\u010daju nekih osnovnih sudova, tvrde\u0107i da oni dobro tuma\u010de zakon i Ustav.<\/p>\n<p>Vesna Medenica je jedina kandidatkinja za \u010delnu poziciju u Vrhovnom sudu Crne Gore, gdje je provela ve\u0107 dva mandata.<\/p>\n","protected":false},"excerpt":{"rendered":"<p>Obe\u0107avamo gospodi iz Sudskog savjeta da im ovo ne\u0107e pro\u0107i<\/p>\n","protected":false},"author":1,"featured_media":0,"comment_status":"open","ping_status":"closed","sticky":false,"template":"","format":"standard","meta":{"_seopress_robots_primary_cat":"","_seopress_titles_title":"","_seopress_titles_desc":"","_seopress_robots_index":"","_et_pb_use_builder":"","_et_pb_old_content":"","_et_gb_content_width":"","inline_featured_image":false,"footnotes":""},"categories":[14,12],"tags":[],"class_list":["post-267414","post","type-post","status-publish","format-standard","hentry","category-vijesti","category-prica-dana"],"_links":{"self":[{"href":"https:\/\/www.pcnen.com\/portal\/wp-json\/wp\/v2\/posts\/267414","targetHints":{"allow":["GET"]}}],"collection":[{"href":"https:\/\/www.pcnen.com\/portal\/wp-json\/wp\/v2\/posts"}],"about":[{"href":"https:\/\/www.pcnen.com\/portal\/wp-json\/wp\/v2\/types\/post"}],"author":[{"embeddable":true,"href":"https:\/\/www.pcnen.com\/portal\/wp-json\/wp\/v2\/users\/1"}],"replies":[{"embeddable":true,"href":"https:\/\/www.pcnen.com\/portal\/wp-json\/wp\/v2\/comments?post=267414"}],"version-history":[{"count":0,"href":"https:\/\/www.pcnen.com\/portal\/wp-json\/wp\/v2\/posts\/267414\/revisions"}],"wp:attachment":[{"href":"https:\/\/www.pcnen.com\/portal\/wp-json\/wp\/v2\/media?parent=267414"}],"wp:term":[{"taxonomy":"category","embeddable":true,"href":"https:\/\/www.pcnen.com\/portal\/wp-json\/wp\/v2\/categories?post=267414"},{"taxonomy":"post_tag","embeddable":true,"href":"https:\/\/www.pcnen.com\/portal\/wp-json\/wp\/v2\/tags?post=267414"}],"curies":[{"name":"wp","href":"https:\/\/api.w.org\/{rel}","templated":true}]}}