{"id":267398,"date":"2019-06-04T09:27:06","date_gmt":"2019-06-04T07:27:06","guid":{"rendered":"http:\/\/www.pcnen.com\/portal\/?p=267398"},"modified":"2019-06-04T09:27:06","modified_gmt":"2019-06-04T07:27:06","slug":"vise-kise-za-jednu-noc-nego-za-cijeli-mjesec","status":"publish","type":"post","link":"https:\/\/www.pcnen.com\/portal\/2019\/06\/04\/vise-kise-za-jednu-noc-nego-za-cijeli-mjesec\/","title":{"rendered":"Vi\u0161e ki\u0161e za jednu no\u0107, nego za cijeli mjesec"},"content":{"rendered":"<p><img loading=\"lazy\" decoding=\"async\" class=\"size-medium wp-image-239931 alignleft\" src=\"http:\/\/www.pcnen.com\/portal\/wp-content\/uploads\/2018\/01\/ki\u0161a-300x225.jpg\" alt=\"\" width=\"300\" height=\"225\" \/>Zbog prevelike koli\u010dine padavina koje su pogodile djelove Srbije u no\u0107i izme\u0111u nedjelje i ponedjeljka, brojne rijeke i njihove pritoke su se izlile iz korita, plave\u0107i \u010ditava sela, ulice, oranice&#8230;\u00a0 Meteorolozi obja\u0161njavaju da je u jednoj no\u0107i palo ki\u0161e koliko ina\u010de padne u toku cijelog mjeseca usljed pomjeranja sna\u017enog obla\u010dnog sistema, koji se tokom no\u0107i izme\u0111u nedjelje i ponedeljka premjestio sa Bugarske i Gr\u010dke na Srbiju, prenosi B92.<\/p>\n<p>Oblaci se i danas razvijaju i kru\u017ee nad podru\u010djem Balkana uz povremenu ki\u0161u i lokalne pljuskove sa grmljavinom.<\/p>\n<p>Iznad Balkana je prisutno i visinsko polje niskog vazdu\u0161nog pritiska koje \u0107e jo\u0161 tri dana uticati na promenljivo i nestabilno vrijeme.<\/p>\n<p>Temperatura je u manjem porastu, ali i dalje malo ispod prosjeka. Vrlo topla vazdu\u0161na masa iz oblasti sjeverne Afrike i \u0160panije se premje\u0161ta sa jugozapada ka centralnoj Evropi i u drugoj polovini sedmice dolazi na na\u0161e podru\u010dje uz vru\u0107ine od vikenda.<\/p>\n","protected":false},"excerpt":{"rendered":"<p>Zbog prevelike koli\u010dine padavina koje su pogodile djelove Srbije u no\u0107i izme\u0111u nedjelje i ponedjeljka, brojne rijeke i njihove pritoke su se izlile iz korita, plave\u0107i \u010ditava sela, ulice, oranice&#8230;\u00a0 Meteorolozi obja\u0161njavaju da je u jednoj no\u0107i palo ki\u0161e koliko ina\u010de padne u toku cijelog mjeseca usljed pomjeranja sna\u017enog obla\u010dnog sistema, koji se tokom no\u0107i [&hellip;]<\/p>\n","protected":false},"author":1,"featured_media":0,"comment_status":"open","ping_status":"closed","sticky":false,"template":"","format":"standard","meta":{"_seopress_robots_primary_cat":"","_seopress_titles_title":"","_seopress_titles_desc":"","_seopress_robots_index":"","_et_pb_use_builder":"","_et_pb_old_content":"","_et_gb_content_width":"","inline_featured_image":false,"footnotes":""},"categories":[14,12],"tags":[],"class_list":["post-267398","post","type-post","status-publish","format-standard","hentry","category-vijesti","category-prica-dana"],"_links":{"self":[{"href":"https:\/\/www.pcnen.com\/portal\/wp-json\/wp\/v2\/posts\/267398","targetHints":{"allow":["GET"]}}],"collection":[{"href":"https:\/\/www.pcnen.com\/portal\/wp-json\/wp\/v2\/posts"}],"about":[{"href":"https:\/\/www.pcnen.com\/portal\/wp-json\/wp\/v2\/types\/post"}],"author":[{"embeddable":true,"href":"https:\/\/www.pcnen.com\/portal\/wp-json\/wp\/v2\/users\/1"}],"replies":[{"embeddable":true,"href":"https:\/\/www.pcnen.com\/portal\/wp-json\/wp\/v2\/comments?post=267398"}],"version-history":[{"count":0,"href":"https:\/\/www.pcnen.com\/portal\/wp-json\/wp\/v2\/posts\/267398\/revisions"}],"wp:attachment":[{"href":"https:\/\/www.pcnen.com\/portal\/wp-json\/wp\/v2\/media?parent=267398"}],"wp:term":[{"taxonomy":"category","embeddable":true,"href":"https:\/\/www.pcnen.com\/portal\/wp-json\/wp\/v2\/categories?post=267398"},{"taxonomy":"post_tag","embeddable":true,"href":"https:\/\/www.pcnen.com\/portal\/wp-json\/wp\/v2\/tags?post=267398"}],"curies":[{"name":"wp","href":"https:\/\/api.w.org\/{rel}","templated":true}]}}