{"id":267383,"date":"2019-06-03T22:27:32","date_gmt":"2019-06-03T20:27:32","guid":{"rendered":"http:\/\/www.pcnen.com\/portal\/?p=267383"},"modified":"2019-06-03T22:27:32","modified_gmt":"2019-06-03T20:27:32","slug":"promjenljivo-i-nestabilno-5","status":"publish","type":"post","link":"https:\/\/www.pcnen.com\/portal\/2019\/06\/03\/promjenljivo-i-nestabilno-5\/","title":{"rendered":"Promjenljivo i nestabilno"},"content":{"rendered":"<p><img loading=\"lazy\" decoding=\"async\" class=\"alignright size-medium wp-image-253654\" src=\"http:\/\/www.pcnen.com\/portal\/wp-content\/uploads\/2018\/09\/nestabilno-vrijeme-300x171.jpg\" alt=\"\" width=\"300\" height=\"171\" \/>U ve\u0107em dijelu Crne Gore pada\u0107e ki\u0161a povremeno ili \u0107e to biti kratkotrajan pljusak i grmljavina.<\/p>\n<p>Vjetar promjenljivog smjera bi\u0107e slab do umjeren.<\/p>\n<p>Jutarnja temperatura vazduha bi\u0107e u rasponu od 7 do 17, a najvi\u0161a dnevna od 16 do 24 stepena.<\/p>\n<p>U Podgorici \u0107e biti promjenljivo obla\u010dno; uglavnom od sredine dana bi\u0107e uslova za povremenu ki\u0161u ili pljusak pra\u0107en grmljavinom. Vjetar promjenljivog smjera bi\u0107e slab do umjeren. Jutarnja temperatura vazduha bi\u0107e oko 16, a najvi\u0161a dnevna do 23 stepena.<\/p>\n<p><a href=\"http:\/\/www.meteo.co.me\/misc.php?text=121&amp;sektor=1&amp;grad=CET\">Prognoza za ostale gradove.<\/a><\/p>\n","protected":false},"excerpt":{"rendered":"<p>U ve\u0107em dijelu Crne Gore pada\u0107e ki\u0161a povremeno ili \u0107e to biti kratkotrajan pljusak i grmljavina<\/p>\n","protected":false},"author":1,"featured_media":0,"comment_status":"open","ping_status":"closed","sticky":false,"template":"","format":"standard","meta":{"_seopress_robots_primary_cat":"","_seopress_titles_title":"","_seopress_titles_desc":"","_seopress_robots_index":"","_et_pb_use_builder":"","_et_pb_old_content":"","_et_gb_content_width":"","inline_featured_image":false,"footnotes":""},"categories":[14,12],"tags":[],"class_list":["post-267383","post","type-post","status-publish","format-standard","hentry","category-vijesti","category-prica-dana"],"_links":{"self":[{"href":"https:\/\/www.pcnen.com\/portal\/wp-json\/wp\/v2\/posts\/267383","targetHints":{"allow":["GET"]}}],"collection":[{"href":"https:\/\/www.pcnen.com\/portal\/wp-json\/wp\/v2\/posts"}],"about":[{"href":"https:\/\/www.pcnen.com\/portal\/wp-json\/wp\/v2\/types\/post"}],"author":[{"embeddable":true,"href":"https:\/\/www.pcnen.com\/portal\/wp-json\/wp\/v2\/users\/1"}],"replies":[{"embeddable":true,"href":"https:\/\/www.pcnen.com\/portal\/wp-json\/wp\/v2\/comments?post=267383"}],"version-history":[{"count":0,"href":"https:\/\/www.pcnen.com\/portal\/wp-json\/wp\/v2\/posts\/267383\/revisions"}],"wp:attachment":[{"href":"https:\/\/www.pcnen.com\/portal\/wp-json\/wp\/v2\/media?parent=267383"}],"wp:term":[{"taxonomy":"category","embeddable":true,"href":"https:\/\/www.pcnen.com\/portal\/wp-json\/wp\/v2\/categories?post=267383"},{"taxonomy":"post_tag","embeddable":true,"href":"https:\/\/www.pcnen.com\/portal\/wp-json\/wp\/v2\/tags?post=267383"}],"curies":[{"name":"wp","href":"https:\/\/api.w.org\/{rel}","templated":true}]}}