{"id":267380,"date":"2019-06-03T18:48:42","date_gmt":"2019-06-03T16:48:42","guid":{"rendered":"http:\/\/www.pcnen.com\/portal\/?p=267380"},"modified":"2019-06-03T18:48:42","modified_gmt":"2019-06-03T16:48:42","slug":"un-alarmantan-nivo-zagadenja-vazduha-na-balkanu","status":"publish","type":"post","link":"https:\/\/www.pcnen.com\/portal\/2019\/06\/03\/un-alarmantan-nivo-zagadenja-vazduha-na-balkanu\/","title":{"rendered":"UN: Alarmantan nivo zaga\u0111enja vazduha na Balkanu"},"content":{"rendered":"<p><img loading=\"lazy\" decoding=\"async\" src=\"http:\/\/www.pcnen.com\/portal\/wp-content\/uploads\/2018\/02\/stop-zagadjenju-vazduha-300x239.jpg\" alt=\"\" width=\"300\" height=\"239\" class=\"alignright size-medium wp-image-241272\" \/>Organizacija UN je saop\u0161tila da se ljudi u svim ve\u0107im gradovima Zapadnog Balkana, suo\u010davaju sa alarmantnim nivoom zaga\u0111enja vazduha.<\/p>\n<p>Kako navode, zaga\u0111enje smanjuje o\u010dekivani \u017eivotni vijek, jer se \u201enerazvijen i politi\u010dki krhak\u201c region jo\u0161 u velikoj mjeri oslanja na sagorijevanje uglja za proizvodnju energije.<\/p>\n<p>AP navodi da je izvje\u0161taj Programa za za\u0161titu \u017eivotne sredine UN, koji je danas objavljen, baziran na podacima iz 18 gradova i pripremljen u koordinacji sa Svjetskom zdravstvenom organizacijom i institucijama za procjenu kvaliteta vazduha iz Srbije, Albanije, Crne Gore i S. Makedonije.<\/p>\n<p>U izvje\u0161taju se navodi da su ljudi u regionu \u201eizlo\u017eeni jednoj od najve\u0107ih koncentracija zaga\u0111enja vazduha u Evropi, koja je i do pet puta vi\u0161a od nacionalnih i EU smjernica\u201c, prenosi Tanjug.<\/p>\n<p>Kao glavni uzrok zaga\u0111enja vazduha na Balkanu identifikovano je odsustvo kori\u0161\u0107enja obnovljivih izvora energije.<\/p>\n","protected":false},"excerpt":{"rendered":"<p>Organizacija UN je saop\u0161tila da se ljudi u svim ve\u0107im gradovima Zapadnog Balkana, suo\u010davaju sa alarmantnim nivoom zaga\u0111enja vazduha. Kako navode, zaga\u0111enje smanjuje o\u010dekivani \u017eivotni vijek, jer se \u201enerazvijen i politi\u010dki krhak\u201c region jo\u0161 u velikoj mjeri oslanja na sagorijevanje uglja za proizvodnju energije. AP navodi da je izvje\u0161taj Programa za za\u0161titu \u017eivotne sredine UN, [&hellip;]<\/p>\n","protected":false},"author":1,"featured_media":0,"comment_status":"open","ping_status":"closed","sticky":false,"template":"","format":"standard","meta":{"_seopress_robots_primary_cat":"","_seopress_titles_title":"","_seopress_titles_desc":"","_seopress_robots_index":"","_et_pb_use_builder":"","_et_pb_old_content":"","_et_gb_content_width":"","inline_featured_image":false,"footnotes":""},"categories":[14,12],"tags":[],"class_list":["post-267380","post","type-post","status-publish","format-standard","hentry","category-vijesti","category-prica-dana"],"_links":{"self":[{"href":"https:\/\/www.pcnen.com\/portal\/wp-json\/wp\/v2\/posts\/267380","targetHints":{"allow":["GET"]}}],"collection":[{"href":"https:\/\/www.pcnen.com\/portal\/wp-json\/wp\/v2\/posts"}],"about":[{"href":"https:\/\/www.pcnen.com\/portal\/wp-json\/wp\/v2\/types\/post"}],"author":[{"embeddable":true,"href":"https:\/\/www.pcnen.com\/portal\/wp-json\/wp\/v2\/users\/1"}],"replies":[{"embeddable":true,"href":"https:\/\/www.pcnen.com\/portal\/wp-json\/wp\/v2\/comments?post=267380"}],"version-history":[{"count":0,"href":"https:\/\/www.pcnen.com\/portal\/wp-json\/wp\/v2\/posts\/267380\/revisions"}],"wp:attachment":[{"href":"https:\/\/www.pcnen.com\/portal\/wp-json\/wp\/v2\/media?parent=267380"}],"wp:term":[{"taxonomy":"category","embeddable":true,"href":"https:\/\/www.pcnen.com\/portal\/wp-json\/wp\/v2\/categories?post=267380"},{"taxonomy":"post_tag","embeddable":true,"href":"https:\/\/www.pcnen.com\/portal\/wp-json\/wp\/v2\/tags?post=267380"}],"curies":[{"name":"wp","href":"https:\/\/api.w.org\/{rel}","templated":true}]}}