{"id":267373,"date":"2019-06-03T16:42:27","date_gmt":"2019-06-03T14:42:27","guid":{"rendered":"http:\/\/www.pcnen.com\/portal\/?p=267373"},"modified":"2019-06-03T16:42:27","modified_gmt":"2019-06-03T14:42:27","slug":"sudski-savjet-izabrao-nove-i-nove-stare-predsjednike-sudova","status":"publish","type":"post","link":"https:\/\/www.pcnen.com\/portal\/2019\/06\/03\/sudski-savjet-izabrao-nove-i-nove-stare-predsjednike-sudova\/","title":{"rendered":"Sudski savjet izabrao nove i nove\/stare predsjednike sudova"},"content":{"rendered":"<p><img loading=\"lazy\" decoding=\"async\" class=\"alignright size-medium wp-image-166878\" src=\"http:\/\/www.pcnen.com\/portal\/wp-content\/uploads\/2014\/12\/sudjenje-300x140.png\" alt=\"\" width=\"300\" height=\"140\" \/>Sudski savjet Crne Gore je danas, suprotno nekim <a href=\"http:\/\/www.pcnen.com\/portal\/2019\/05\/31\/protivimo-se-takvom-tumacenju-ustava-crne-gore-i-zakona-o-sudskom-savjetu-i-sudijama\/\">stru\u010dnim mi\u0161ljenjima<\/a>, izabrao predsjednike pojedinih osnovnih sudova, iako su oni ve\u0107 na tim du\u017enostima bili po dva i vi\u0161e mandata.<\/p>\n<p>Prema ocjeni Savjeta, \u201cZakon o Sudskom savjetu i sudijama ne sadr\u017ei bilo koju odredbu po kojoj bi se prilikom izbora predsjednika sudova ura\u010dunavali mandati na koji su oni birani prije stupanja na snagu zakona\u201d.<\/p>\n<p>Tako je za predsjednika Osnovnog suda u Kotoru izabran Branko Vu\u010dkovi\u0107, koji je na toj du\u017enosti ve\u0107 sedam mandata. Za predsjednika Osnovnog suda u Baru izabran je Goran \u0160\u0107epanovi\u0107, koji je tu du\u017enost obavljao ve\u0107 dva mandata. Novi stari predsjednik Osnovnog suda u Plavu Hilmija Suljkovi\u0107 je, tako\u0111e, tu du\u017enost obavljao u dva mandata, dok je novi\/stari predsjednik Osnovnog suda u Ro\u017eajama Zahit Cami\u0107 bio na toj funckiji ve\u0107 pet mandata.<\/p>\n<p>Osnovni sud u Podgorici je dobio novu \u010delnu osobu, a rije\u010d je o sutkinja \u017deljki Jovovi\u0107.<\/p>\n<p>Na du\u017enost predsjednika Privrednog suda Crne Gore reizabran je Bla\u017eo Jovani\u0107.<\/p>\n<p>Skup\u0161tina Crne Gore je sredinom lanjske godine uvojila zakon kojim je dopunjen Zakon o Sudskom savjetu i sudijama, kojim je predvi\u0111eno da \u010dlanovi tog tijela nastave da obavljaju du\u017enost do progla\u0161enja novog sastava.<\/p>\n<p>&#8220;Ovim smo onemogu\u0107ili blokadu sudskog sistema, a nadam se da \u0107e postojati volja u parlamentu da ve\u0107 prvom prilikom izaberemo i \u010detiri nova \u010dlana iz reda Sudskog savjeta&#8221;, ocijenio je tada redsjednik Skup\u0161tine Ivan Brajovi\u0107 nakon glasanja.<\/p>\n<p>Takve volje nije bilo sve do danas, tako da Sudski savjet zasijeda i odlu\u010duje u starom sazivu.<\/p>\n","protected":false},"excerpt":{"rendered":"<p>Prema ocjeni Savjeta, \u201cZakon o Sudskom savjetu i sudijama ne sadr\u017ei bilo koju odredbu po kojoj bi se prilikom izbora predsjednika sudova ura\u010dunavali mandati na koji su oni birani prije stupanja na snagu zakona\u201d<\/p>\n","protected":false},"author":1,"featured_media":0,"comment_status":"open","ping_status":"closed","sticky":false,"template":"","format":"standard","meta":{"_seopress_robots_primary_cat":"","_seopress_titles_title":"","_seopress_titles_desc":"","_seopress_robots_index":"","_et_pb_use_builder":"","_et_pb_old_content":"","_et_gb_content_width":"","inline_featured_image":false,"footnotes":""},"categories":[14,12],"tags":[],"class_list":["post-267373","post","type-post","status-publish","format-standard","hentry","category-vijesti","category-prica-dana"],"_links":{"self":[{"href":"https:\/\/www.pcnen.com\/portal\/wp-json\/wp\/v2\/posts\/267373","targetHints":{"allow":["GET"]}}],"collection":[{"href":"https:\/\/www.pcnen.com\/portal\/wp-json\/wp\/v2\/posts"}],"about":[{"href":"https:\/\/www.pcnen.com\/portal\/wp-json\/wp\/v2\/types\/post"}],"author":[{"embeddable":true,"href":"https:\/\/www.pcnen.com\/portal\/wp-json\/wp\/v2\/users\/1"}],"replies":[{"embeddable":true,"href":"https:\/\/www.pcnen.com\/portal\/wp-json\/wp\/v2\/comments?post=267373"}],"version-history":[{"count":0,"href":"https:\/\/www.pcnen.com\/portal\/wp-json\/wp\/v2\/posts\/267373\/revisions"}],"wp:attachment":[{"href":"https:\/\/www.pcnen.com\/portal\/wp-json\/wp\/v2\/media?parent=267373"}],"wp:term":[{"taxonomy":"category","embeddable":true,"href":"https:\/\/www.pcnen.com\/portal\/wp-json\/wp\/v2\/categories?post=267373"},{"taxonomy":"post_tag","embeddable":true,"href":"https:\/\/www.pcnen.com\/portal\/wp-json\/wp\/v2\/tags?post=267373"}],"curies":[{"name":"wp","href":"https:\/\/api.w.org\/{rel}","templated":true}]}}