{"id":267359,"date":"2019-06-03T12:28:53","date_gmt":"2019-06-03T10:28:53","guid":{"rendered":"http:\/\/www.pcnen.com\/portal\/?p=267359"},"modified":"2019-10-09T22:46:48","modified_gmt":"2019-10-09T20:46:48","slug":"vlada","status":"publish","type":"post","link":"https:\/\/www.pcnen.com\/portal\/2019\/06\/03\/vlada\/","title":{"rendered":"Vlada"},"content":{"rendered":"<p>Vlada je tamo \u0111e je \u0110ukanovi\u0107. Da je predsjednik Mjesne zajednice, \u0110ukanovi\u0107 bi opet bio istinski \u0161ef Vlade, Direktor policije, Vrhovni dr\u017eavni tu\u017eilac, predsjednik Vrhovnog suda, Direktor ASK-a, glavni i odgovorni urednik TVCG, guverner Centralne banke.<\/p>\n<p>Sve je u rukama \u0110ukanovi\u0107a, porodice mu i kumova. Stari, i \u010dinilo se dosta mo\u0107ni DB-ovac Markovi\u0107, izgleda smije\u0161no na mjestu predsjednika Vlade u pore\u0111enju sa predsjednikom dr\u017eave \u0110ukanovi\u0107em. Nije on \u010daj od nane.<\/p>\n<p>Ustav je i u ovom slu\u010daju, kao sve drugo, mrtvo slovo na papiru.<\/p>\n<p>\u0110ukanovi\u0107 je najprije medijski marginalizovao Markovi\u0107a, preuzeo sve Vladine ingerencije, zatim je po\u010deo da ga poni\u017eava. Javno.<\/p>\n<p>Kako ga je tek bilo nejakom, neiskusnom i potpuno zaboravljenom Luk\u0161i\u0107u &#8211; mogu samo da zamislim.<\/p>\n<p>Javni poziv Markovi\u0107a za stvaranje \u0161irokog konsenzusa i formiranje tehni\u010dke Vlade, saop\u0161ten u tzv. Parlamentu, zbog ekonomskog kolapsa i politi\u010dke krize, \u0110ukanovi\u0107 demantuje. Ka\u017ee, sa mjesta predsjednika dr\u017eave, da formalni predsjednik vlade Markovi\u0107 nije rekao ono \u0161to su svi \u010duli, \u0161to je prikazano u direktnom prenosu njegovog servisa, kojeg od milja zove Javni. Iako \u010dak ni taj i takav servis to ne mo\u017ee sakriti i naknadno prepakovati.<\/p>\n<p>Markovi\u0107 se br\u017ee bolje u\u0161utio. Ubrzo \u0107e, vjerujem, demantovati samog sebe. Mo\u017eda se i javno o\u0161amariti? &#8211; ako to \u0161ef svega u demokratskoj Crnoj Gori zatra\u017ei od njega.<\/p>\n<p>Mo\u0107 je mo\u0107.<\/p>\n<p>To najbolje znaju Evropljani, koje \u0110ukanovi\u0107 sa pravom i konstantno poni\u017eava. Kao \u0161to je poni\u017eavao Vujanovi\u0107a, Luk\u0161i\u0107a, pokojnog \u0160turanovi\u0107a, i kao \u0161to to sada radi sa Markovi\u0107em.<\/p>\n<p>\u201eMo\u0107na\u201c Evropa je \u201emudro\u201c \u0107utala dok se protiv biv\u0161eg \u0161efa njihove kancelarije u Crnoj Gori Mitje Drobni\u010da vodila nevi\u0111ena hajka. A ono \u0161to se radilo \u00a0protiv ambasadora Njema\u010dke Pitera Platea, ili ambasadora Italije Gabriela Meu\u0107ija, izazvalo bi reakciju Afri\u010dke unije. Ali nije evropske i njenih \u010dlanica.<\/p>\n<p>Onda je sasvim normalno \u0161to se \u0110ukanovi\u0107 posprdao sa svojim \u201eevropskim partnerima\u201c i oko preporuka za aferu \u201eSnimak\u201c. Tako \u0107e uraditi i sa aferom \u201eKoverta\u201c. I neka \u0107e. Sad samo \u010dekam da vidim kada \u0107e krenuti na Aiva Orava.<\/p>\n<p>Orav uvijek ima izbor, mi nemamo. Treba samo da postane Franti\u0161ek Lipka. Takvim isku\u0161enjima te\u0161ko je odoljeti. Osim Lipke, znaju to jo\u0161 mnogi strani diplomatski predstavnici koji nijesu odoljeli. Nijesmo d\u017eabe lideri korupcije i poslu\u017eivanja mladog, fre\u0161kog, a za ulov zabranjenog mesa.<\/p>\n<p>No, Evropa je nebitna u svojoj bitnosti. Na nama je da ga obuzdamo. Ili da se selimo.<\/p>\n<p>Markovi\u0107ev poziv opoziciji na \u0161iroki konsenzus i stvaranje tehni\u010dke vlade nije proizvod njegovog \u201edemokratskog sazrijevanja\u201c. Decenijama je iste tikve sadio sa \u0110ukanovi\u0107em. Siguran sam da je njegov poziv stigao nakon signala iz me\u0111unarodne zajednice da se u\u010dini takva ponuda. To \u0161to je \u0110ukanovi\u0107 minira, jo\u0161 jedan je pokazatelj njegove osione bahatosti. Samo da mu se ne desi isto \u0161to se desilo njegovom politi\u010dkom ocu Milo\u0161evi\u0107u. Tada je, da podsjetim, \u0110ukanovi\u0107 izgledao nejak, Milo\u0161evi\u0107 prejak.<\/p>\n<p>\u010cak i SAD, tradicionalni \u201epartner\u201c i podr\u017eavaoc \u0110ukanovi\u0107a u svemu, mo\u017eda di\u017ee ruke od njega. Ako je bar suditi po poslednjem \u010dlanku objavljenom u New York Timesu.<\/p>\n<p>Posle znojenja, novo samopouzdanje \u0110ukanovi\u0107u daje \u010denjenica da su protesti pali, a da je opozicija i dalje neozbiljna i posva\u0111ana. Koliko \u2013 toliko se konsolidovao, a aferu \u201eKoverat\u201c \u2013 om\u010du oko vrata, potisnuo je u drugi plan. Treba mu jo\u0161, da neko od potpisnika iza\u0111e iz Sporazuma o budu\u0107nosti, da se taj Sporuzam poni\u0161ti i stavi van snage, i onda je opet na konju. Svjestan je da po Sporazumu nema izlaska na ovakve izbore, one koje sam kreira i projektuje, a \u010diju kontrolu vr\u0161e njegove privatne institucije.<\/p>\n<p>Vrijeme curi, redovni \u201eizbori\u201c su za ne\u0161to vi\u0161e od godinu dana. Na novom izbornom zakonodavstvu se prakti\u010dno ni\u0161ta ne radi, institucije se ne osloba\u0111aju. Naprotiv, sve se vi\u0161e zarobljavaju. U takvom ambijentu, poslije svega, na izbore mo\u017ee iza\u0107i samo opozicija po profesiji, tj. kreirana opozicija. Jedini izbor za istinsku opoziciju \u2013 ako postoji, ostaje bojkot takvih izbora.<\/p>\n<p>Na jesen \u0107e biti kasno za dogovore i ustupke, zbog nedostatka vremena prije svega. Ako se 30. septembra, dan pred po\u010detak redovnog jesenjeg zasijedanja Skup\u0161tine, okupi 30 000 gra\u0111ana u Podgorici koji se\u00a0 ne\u0107e razilaziti, bi\u0107e kasno za kompromise. I onda se treba i mora i\u0107i na sve. Ili ni\u0161ta!<\/p>\n","protected":false},"excerpt":{"rendered":"<p>Pi\u0161e: Omer \u0160ARKI\u0106<\/p>\n","protected":false},"author":12,"featured_media":0,"comment_status":"open","ping_status":"closed","sticky":false,"template":"","format":"standard","meta":{"_seopress_robots_primary_cat":"","_seopress_titles_title":"","_seopress_titles_desc":"","_seopress_robots_index":"","_et_pb_use_builder":"","_et_pb_old_content":"","_et_gb_content_width":"","inline_featured_image":false,"footnotes":""},"categories":[17],"tags":[],"class_list":["post-267359","post","type-post","status-publish","format-standard","hentry","category-blogovi"],"_links":{"self":[{"href":"https:\/\/www.pcnen.com\/portal\/wp-json\/wp\/v2\/posts\/267359","targetHints":{"allow":["GET"]}}],"collection":[{"href":"https:\/\/www.pcnen.com\/portal\/wp-json\/wp\/v2\/posts"}],"about":[{"href":"https:\/\/www.pcnen.com\/portal\/wp-json\/wp\/v2\/types\/post"}],"author":[{"embeddable":true,"href":"https:\/\/www.pcnen.com\/portal\/wp-json\/wp\/v2\/users\/12"}],"replies":[{"embeddable":true,"href":"https:\/\/www.pcnen.com\/portal\/wp-json\/wp\/v2\/comments?post=267359"}],"version-history":[{"count":0,"href":"https:\/\/www.pcnen.com\/portal\/wp-json\/wp\/v2\/posts\/267359\/revisions"}],"wp:attachment":[{"href":"https:\/\/www.pcnen.com\/portal\/wp-json\/wp\/v2\/media?parent=267359"}],"wp:term":[{"taxonomy":"category","embeddable":true,"href":"https:\/\/www.pcnen.com\/portal\/wp-json\/wp\/v2\/categories?post=267359"},{"taxonomy":"post_tag","embeddable":true,"href":"https:\/\/www.pcnen.com\/portal\/wp-json\/wp\/v2\/tags?post=267359"}],"curies":[{"name":"wp","href":"https:\/\/api.w.org\/{rel}","templated":true}]}}